{"id":66064,"date":"2012-03-17T20:35:51","date_gmt":"2012-03-17T20:35:51","guid":{"rendered":"http:\/\/diariodominicano.ddns.net\/?p=66064"},"modified":"2012-03-17T20:35:51","modified_gmt":"2012-03-17T20:35:51","slug":"funtepod-celebra-xiii-carnaval-escolar","status":"publish","type":"post","link":"https:\/\/diariodominicano.com\/?p=66064","title":{"rendered":"FUNTEPOD celebra XIII Carnaval Escolar"},"content":{"rendered":"<p><body><\/p>\n<p><img decoding=\"async\" src=\"img3\/barrial.JPG\" \/>  <\/p>\n<p><span class=\"text1noticias\">Rep.Dom, 17 de Marzo 04: 39 P.M.-La Fundaci\u00f3n Teatro Popular Danzante, Inc. ?FUNTEPOD-, celebra el XIII Carnaval Escolar Barrial Nereyda Rodr\u00edguez 2012, por la diversidad cultural, actividad que tiene como objetivo propiciar un espacio donde los ni\u00f1o y ni\u00f1as de los planteles escolares, y de los barrios no se queden al margen de la celebraci\u00f3n del carnaval.<\/span><\/p>\n<\/p>\n<p><span class=\"text1noticias\">Senia Rodr\u00edguez, Directora de FUNTEPOD expres\u00f3 sentirse honrada de poder seguir el legado de mi madre, y cumplir con su deseo, ya que el carnaval era uno de los proyectos m\u00e1s queridos y que m\u00e1s ella disfrutaba. <\/span><\/p>\n<\/p>\n<p><span class=\"text1noticias\">\u00abMi madre fue la principal propulsora de que existan estas manifestaciones en los barrios, en sus inicios lo implemento en  sectores como Los Mina, Guachupita, Cristo Rey, La Ci\u00e9nega, Capotillo y Las Terrenas En Samana\u00bb, agreg\u00f3.<\/span><\/p>\n<\/p>\n<p><span class=\"text1noticias\">\u00abAprovechamos el contacto directo con los j\u00f3venes para motivarlos a que contin\u00faen preservando los valores humanos y patrios.\u00bb Apunt\u00f3.<\/span><\/p>\n<\/p>\n<p><span class=\"text1noticias\">Dicho Carnaval fue  merecedor del Premio Ford Motor Company 2011, en el rengl\u00f3n Herencia Cultural.<\/span><\/p>\n<\/p>\n<p><span class=\"text1noticias\">El Carnaval Escolar Barrial, es un proyecto educativo que se  implementa en escuelas de diferentes sectores de la Zona Norte del Distrito Nacional,  se imparten talleres sobre el origen del carnaval dominicano, los personajes tradicionales, elaboraci\u00f3n de caretas y mascaras, elaboraci\u00f3n y decoraci\u00f3n de disfraces entre otros. En este a\u00f1o las escuelas participantes son San Mart\u00edn de Porres, Escuela Club Rafael Leonidas Solano, y el Liceo T\u00e9cnico Hermana Rosario Torres Fe y Alegr\u00eda.<\/span><\/p>\n<\/p>\n<p><span class=\"text1noticias\">Dicha actividad es un escenario para el despertar de las artes, pues se descubren ni\u00f1os, ni\u00f1as y j\u00f3venes  con talento para la m\u00fasica, la danza, pintura, teatro, canto, decoradores y artesanos, los cuales tienen las puertas abiertas de FUNTEPOD para que puedan desarrollarse en las \u00e1reas art\u00edsticas.<\/span><\/p>\n<\/p>\n<p><span class=\"text1noticias\">Este carnaval es participativo e integrador no excluye, ya que pueden formar parte todos los miembros de las escuelas y la comunidad que quiera integrarse.<\/span><\/p>\n<\/p>\n<p><span class=\"text1noticias\">Este a\u00f1o contamos con  la participaci\u00f3n de comparsas  como Los Dragones y Tigres de Villa Maria, Los Leones del Diablo y Los Amigos del Diablo Cojuelo, con la Participaci\u00f3n especial de Roldan , Awilda la Tremenda, El Talento, y \u00c1frica en Carnaval.<\/span><\/p>\n<\/p>\n<p><span class=\"text1noticias\">Esta actividad es auspiciada con el apoyo de  la Fundaci\u00f3n ECOG, Instituto para el Desarrollo de las Artes y la Educaci\u00f3n, Inc. ?INDADRTE-, Centro Bon\u00f3, Ayuntamiento del D. N., Red Dominicana de Culturas Locales, Fundaci\u00f3n Cofrad\u00eda, Federaci\u00f3n Dominicana de Arte y Cultura, Ministerio de Cultura, Ministerio de Educaci\u00f3n y Agua Alaska. (HG)<\/span>.<\/p>\n<h6> 2012-03-17 20:35:51 <\/h6>\n<p><!--\n<link rel=\"stylesheet\" href=\"css\/bootstrap.min.css\">\n\n\n<ul class=\"pagination\">\n\t    \n\t\n\n<li >\n\t<a href='?page_no=17741'>Previous<\/a>\n\t<\/li>\n\n\n       \n    \n\n<li><a href='?page_no=1'>1<\/a><\/li>\n\n\n\n<li><a href='?page_no=2'>2<\/a><\/li>\n\n\n\n<li><a>...<\/a><\/li>\n\n\n\n<li><a href='?page_no=17740'>17740<\/a><\/li>\n\n\n\n<li><a href='?page_no=17741'>17741<\/a><\/li>\n\n\n\n<li class='active'><a>17742<\/a><\/li>\n\n\n\n<li><a href='?page_no=17743'>17743<\/a><\/li>\n\n\n\n<li><a href='?page_no=17744'>17744<\/a><\/li>\n\n\n\n<li><a>...<\/a><\/li>\n\n\n\n<li><a href='?page_no=22911'>22911<\/a><\/li>\n\n\n\n<li><a href='?page_no=22912'>22912<\/a><\/li>\n\n    \n\t\n\n<li >\n\t<a href='?page_no=17743'>Next<\/a>\n\t<\/li>\n\n\n    \n\n<li><a href='?page_no=22912'>Last &rsaquo;&rsaquo;<\/a><\/li>\n\n<\/ul>\n\n\n--><br \/>\n<\/body><\/p>\n","protected":false},"excerpt":{"rendered":"<p>Rep.Dom, 17 de Marzo 04: 39 P.M.-La Fundaci\u00f3n Teatro Popular Danzante, Inc. ?FUNTEPOD-, celebra el XIII Carnaval Escolar Barrial Nereyda Rodr\u00edguez 2012, por la diversidad cultural, actividad que tiene como objetivo propiciar un espacio donde los ni\u00f1o y ni\u00f1as de los planteles escolares, y de los barrios no se queden al margen de la celebraci\u00f3n [&hellip;]<\/p>\n","protected":false},"author":3,"featured_media":0,"comment_status":"open","ping_status":"open","sticky":false,"template":"","format":"standard","meta":{"footnotes":""},"categories":[21],"tags":[],"class_list":["post-66064","post","type-post","status-publish","format-standard","hentry","category-cultura"],"_links":{"self":[{"href":"https:\/\/diariodominicano.com\/index.php?rest_route=\/wp\/v2\/posts\/66064","targetHints":{"allow":["GET"]}}],"collection":[{"href":"https:\/\/diariodominicano.com\/index.php?rest_route=\/wp\/v2\/posts"}],"about":[{"href":"https:\/\/diariodominicano.com\/index.php?rest_route=\/wp\/v2\/types\/post"}],"author":[{"embeddable":true,"href":"https:\/\/diariodominicano.com\/index.php?rest_route=\/wp\/v2\/users\/3"}],"replies":[{"embeddable":true,"href":"https:\/\/diariodominicano.com\/index.php?rest_route=%2Fwp%2Fv2%2Fcomments&post=66064"}],"version-history":[{"count":0,"href":"https:\/\/diariodominicano.com\/index.php?rest_route=\/wp\/v2\/posts\/66064\/revisions"}],"wp:attachment":[{"href":"https:\/\/diariodominicano.com\/index.php?rest_route=%2Fwp%2Fv2%2Fmedia&parent=66064"}],"wp:term":[{"taxonomy":"category","embeddable":true,"href":"https:\/\/diariodominicano.com\/index.php?rest_route=%2Fwp%2Fv2%2Fcategories&post=66064"},{"taxonomy":"post_tag","embeddable":true,"href":"https:\/\/diariodominicano.com\/index.php?rest_route=%2Fwp%2Fv2%2Ftags&post=66064"}],"curies":[{"name":"wp","href":"https:\/\/api.w.org\/{rel}","templated":true}]}}