{"id":66063,"date":"2012-03-18T14:27:12","date_gmt":"2012-03-18T14:27:12","guid":{"rendered":"http:\/\/diariodominicano.ddns.net\/?p=66063"},"modified":"2012-03-18T14:27:12","modified_gmt":"2012-03-18T14:27:12","slug":"cardenal-bendice-apertura-oficial-de-la-xxiii-edicion-de-la-feria-del-libro-catolico-2012","status":"publish","type":"post","link":"https:\/\/diariodominicano.com\/?p=66063","title":{"rendered":"Cardenal  bendice apertura oficial de la XXIII edici\u00f3n de la feria del libro cat\u00f3lico 2012"},"content":{"rendered":"<p><body><\/p>\n<p><img decoding=\"async\" src=\"http:\/\/localhost:8080\/img3\/cardenal.JPG\" \/>  <\/p>\n<p><span class=\"text1noticias\">Santo Domingo, Rep. Dom, 18 de Marzo 10:30 A.M.-En una concurrida ceremonia presidida por su eminencia reverend\u00edsima, Nicolas de Jes\u00fas Cardenal L\u00f3pez Rodr\u00edguez,  fue bendecida la apertura oficial de la XXIII edici\u00f3n de la feria del libro cat\u00f3lico 2012, introducido por el presidente del movimiento de Cursillos de Cristiandad, el se\u00f1or Guillermo Mej\u00eda.<\/span><\/p>\n<p><span class=\"text1noticias\"> <\/span><\/p>\n<p><span class=\"text1noticias\">Con la bendici\u00f3n de Dios por medio del cardenal, quien exhort\u00f3 a la feligres\u00eda cat\u00f3lica a respaldar esta feria, fueron abiertas las puertas musicales con el tradicional concierto de la agrupaci\u00f3n Alfareros.<\/span><\/p>\n<p><span class=\"text1noticias\"> <\/span><\/p>\n<p><span class=\"text1noticias\">Estuvieron presentes adem\u00e1s del Cardenal, Monse\u00f1or Amancio Escapa, obispo Auxiliar de la Arquidi\u00f3cesis de Santo Domingo y asesor del Movimiento de Cursillo de Cristiandad (MCC), Silvia Pereyra, coordinadora de la Feria del Libro Cat\u00f3lico y Guillermo Mej\u00eda Marti, director del MCC.<\/span><\/p>\n<p><span class=\"text1noticias\"> <\/span><\/p>\n<p><span class=\"text1noticias\">La fiesta de la literatura cat\u00f3lica fue por todo lo alto con Alfareros que supo entusiasmar a la muchedumbre reunida en el audit\u00f3rium de Casa San Pablo con sus canciones r\u00edtmicas y de adoraci\u00f3n.<\/span><\/p>\n<p><span class=\"text1noticias\"> <\/span><\/p>\n<p><span class=\"text1noticias\">Recordemos que Alfareros ha sido el \u00fanico grupo cat\u00f3lico en llenar Altos de Chav\u00f3n, con su concierto del 2005 \u00abA Chav\u00f3n Por Ti\u00bb, coron\u00e1ndose as\u00ed, con el primer premio Casandra dado a un grupo Cristiano hasta ese entonces.<\/span><\/p>\n<p><span class=\"text1noticias\"> <\/span><\/p>\n<p><span class=\"text1noticias\">Durante la noche de la inauguraci\u00f3n de la feria, el repertorio fue compuesto por un paseo a trav\u00e9s de sus seis producciones discogr\u00e1fica incluida \u00abUn canto Nuevo\u00bb (1995), \u00abHagan los que el les Dice (1997), \u00abPa&#8217;lante\u00bb (2000), \u00abHa llegado el D\u00eda\u00bb (2004)  \u00abDe Bendici\u00f3n en Bendici\u00f3n\u00bb (2008) y \u00abTodo mi Amor es Para Ti\u00bb (2011).<\/span><\/p>\n<p><span class=\"text1noticias\"> <\/span><\/p>\n<p><span class=\"text1noticias\">Alfareros est\u00e1 compuesto por Ferm\u00edn Amador, Gina Cabrera, Jenny Betances y Altermio Vargas, dirigidos musicalmente por Junior Cabrera.<\/span><\/p>\n<p><span class=\"text1noticias\"> <\/span><\/p>\n<p><span class=\"text1noticias\">La Feria del Libro Cat\u00f3lico estar\u00e1 abierta hasta el 25 de marzo en Casa San Pablo, donde todas sus actividades son gratuitas en una fiesta de la cultura cat\u00f3lica saludable para la familia en general.<\/span><\/p>\n<p><span class=\"text1noticias\"> <\/span><\/p>\n<p><span class=\"text1noticias\">Este a\u00f1o incluye las charlas de Salvador G\u00f3mez el martes 20, la participaci\u00f3n del Padre Gregorio Mateu, el mi\u00e9rcoles 21,  y el cierre musical con el cantante Ambiorix Padilla el domingo 25 de marzo.(HG)<\/span>.<\/p>\n<h6> 2012-03-18 14:27:12 <\/h6>\n<p><!--\n<link rel=\"stylesheet\" href=\"css\/bootstrap.min.css\">\n\n\n<ul class=\"pagination\">\n\t    \n\t\n\n<li >\n\t<a href='?page_no=17740'>Previous<\/a>\n\t<\/li>\n\n\n       \n    \n\n<li><a href='?page_no=1'>1<\/a><\/li>\n\n\n\n<li><a href='?page_no=2'>2<\/a><\/li>\n\n\n\n<li><a>...<\/a><\/li>\n\n\n\n<li><a href='?page_no=17739'>17739<\/a><\/li>\n\n\n\n<li><a href='?page_no=17740'>17740<\/a><\/li>\n\n\n\n<li class='active'><a>17741<\/a><\/li>\n\n\n\n<li><a href='?page_no=17742'>17742<\/a><\/li>\n\n\n\n<li><a href='?page_no=17743'>17743<\/a><\/li>\n\n\n\n<li><a>...<\/a><\/li>\n\n\n\n<li><a href='?page_no=22911'>22911<\/a><\/li>\n\n\n\n<li><a href='?page_no=22912'>22912<\/a><\/li>\n\n    \n\t\n\n<li >\n\t<a href='?page_no=17742'>Next<\/a>\n\t<\/li>\n\n\n    \n\n<li><a href='?page_no=22912'>Last &rsaquo;&rsaquo;<\/a><\/li>\n\n<\/ul>\n\n\n--><br \/>\n<\/body><\/p>\n","protected":false},"excerpt":{"rendered":"<p>Santo Domingo, Rep. Dom, 18 de Marzo 10:30 A.M.-En una concurrida ceremonia presidida por su eminencia reverend\u00edsima, Nicolas de Jes\u00fas Cardenal L\u00f3pez Rodr\u00edguez, fue bendecida la apertura oficial de la XXIII edici\u00f3n de la feria del libro cat\u00f3lico 2012, introducido por el presidente del movimiento de Cursillos de Cristiandad, el se\u00f1or Guillermo Mej\u00eda. Con la [&hellip;]<\/p>\n","protected":false},"author":3,"featured_media":0,"comment_status":"open","ping_status":"open","sticky":false,"template":"","format":"standard","meta":{"footnotes":""},"categories":[21],"tags":[],"class_list":["post-66063","post","type-post","status-publish","format-standard","hentry","category-cultura"],"_links":{"self":[{"href":"https:\/\/diariodominicano.com\/index.php?rest_route=\/wp\/v2\/posts\/66063","targetHints":{"allow":["GET"]}}],"collection":[{"href":"https:\/\/diariodominicano.com\/index.php?rest_route=\/wp\/v2\/posts"}],"about":[{"href":"https:\/\/diariodominicano.com\/index.php?rest_route=\/wp\/v2\/types\/post"}],"author":[{"embeddable":true,"href":"https:\/\/diariodominicano.com\/index.php?rest_route=\/wp\/v2\/users\/3"}],"replies":[{"embeddable":true,"href":"https:\/\/diariodominicano.com\/index.php?rest_route=%2Fwp%2Fv2%2Fcomments&post=66063"}],"version-history":[{"count":0,"href":"https:\/\/diariodominicano.com\/index.php?rest_route=\/wp\/v2\/posts\/66063\/revisions"}],"wp:attachment":[{"href":"https:\/\/diariodominicano.com\/index.php?rest_route=%2Fwp%2Fv2%2Fmedia&parent=66063"}],"wp:term":[{"taxonomy":"category","embeddable":true,"href":"https:\/\/diariodominicano.com\/index.php?rest_route=%2Fwp%2Fv2%2Fcategories&post=66063"},{"taxonomy":"post_tag","embeddable":true,"href":"https:\/\/diariodominicano.com\/index.php?rest_route=%2Fwp%2Fv2%2Ftags&post=66063"}],"curies":[{"name":"wp","href":"https:\/\/api.w.org\/{rel}","templated":true}]}}