{"id":660623,"date":"2026-01-17T00:07:20","date_gmt":"2026-01-17T04:07:20","guid":{"rendered":"https:\/\/diariodominicano.com\/?p=660623"},"modified":"2026-01-17T01:52:07","modified_gmt":"2026-01-17T05:52:07","slug":"sedofutbol-sub-17-femenina-anuncia-su-lista-de-convocadas-para-el-clasificatorio-de-concacaf","status":"publish","type":"post","link":"https:\/\/diariodominicano.com\/?p=660623","title":{"rendered":"Sedof\u00fatbol Sub-17 Femenina anuncia su lista de convocadas para el Clasificatorio de Concacaf"},"content":{"rendered":"\n<p>SANTO DOMINGO, RD.- La Selecci\u00f3n Dominicana de F\u00fatbol Sub-17 Femenina dio a conocer la lista de jugadoras convocadas para disputar el&nbsp;Clasificatorio de Concacaf 2026 correspondiente a la rama y categor\u00eda, el cual se disputar\u00e1 del 24 de enero al 1 de febrero en Nicaragua.<\/p>\n\n\n\n<figure class=\"wp-block-image size-large\"><img loading=\"lazy\" decoding=\"async\" width=\"1024\" height=\"683\" src=\"https:\/\/diariodominicano.com\/wp-content\/uploads\/2026\/01\/WhatsApp-Image-2026-01-14-at-3.51.29-PM-1024x683.jpeg\" alt=\"\" class=\"wp-image-660627\" srcset=\"https:\/\/diariodominicano.com\/wp-content\/uploads\/2026\/01\/WhatsApp-Image-2026-01-14-at-3.51.29-PM-1024x683.jpeg 1024w, https:\/\/diariodominicano.com\/wp-content\/uploads\/2026\/01\/WhatsApp-Image-2026-01-14-at-3.51.29-PM-300x200.jpeg 300w, https:\/\/diariodominicano.com\/wp-content\/uploads\/2026\/01\/WhatsApp-Image-2026-01-14-at-3.51.29-PM-768x512.jpeg 768w, https:\/\/diariodominicano.com\/wp-content\/uploads\/2026\/01\/WhatsApp-Image-2026-01-14-at-3.51.29-PM-816x544.jpeg 816w, https:\/\/diariodominicano.com\/wp-content\/uploads\/2026\/01\/WhatsApp-Image-2026-01-14-at-3.51.29-PM.jpeg 1280w\" sizes=\"auto, (max-width: 1024px) 100vw, 1024px\" \/><\/figure>\n\n\n\n<p>Rep\u00fablica Dominicana competir\u00e1 en el Grupo A junto a Belice, Islas V\u00edrgenes Estadounidenses, Dominica y la anfitriona Nicaragua. Los partidos ser\u00e1n celebrados en el Estadio Nacional de Managua.<\/p>\n\n\n\n<p>El seleccionador nacional de la Sedof\u00fatbol Sub-17 Femenina, Lu\u00eds \u201cBolocho\u201d Lluberes, quien estar\u00e1 dirigiendo t\u00e9cnicamente su segundo premundial de la categor\u00eda cit\u00f3 a las siguientes jugadoras:<\/p>\n\n\n\n<p><strong>Porteras:<\/strong>&nbsp;Gionelis&nbsp;P\u00e9rez (SD Colonial \u2013 RD), Delilah Burns (Orlando Pride ECNL \u2013 USA) y Yamaris Abreu (Orlando Pride ECNL \u2013 USA).<\/p>\n\n\n\n<p><strong>Defensoras:<\/strong>&nbsp;Jabes Mart\u00ednez (Cibao FC \u2013 RD), Ashly Agramonte (CDR 5 de&nbsp;Abril&nbsp;\u2013 RD), Megan Bautista (Legends&nbsp;FC Elite 64 NL &#8211;&nbsp;USA), Sof\u00eda Leroux (SD Colonial \u2013 RD),&nbsp;Adellayne&nbsp;D\u00edaz (LVU Rush GA &#8211;&nbsp;USA) y Samantha Santana (SA City &#8211;&nbsp;USA).<\/p>\n\n\n\n<p><strong>Mediocampistas:<\/strong>&nbsp;Camila Bonilla (EF D&amp;F \u2013 RD), Blair Vera (PDA White ECNL &#8211;&nbsp;USA), Mia Romero (EF D&amp;F &#8211; RD), Jazmyn D\u00edaz (Sting Austin &#8211;&nbsp;USA), Layla Moussa (EF D&amp;F \u2013 RD) y Caelyn Jim\u00e9nez (Virginia Development Acad. &#8211;&nbsp;USA).<\/p>\n\n\n\n<p><strong>Delanteras:<\/strong>&nbsp;Jessalyn Schwartz (Florida&nbsp;United&nbsp;SC \u2013 USA), Emelie Asenjo (Susa&nbsp;Academy&nbsp;\u2013 USA), Delilah Antonini (WCFC ECNL &#8211;&nbsp;USA),&nbsp;Gia Fern\u00e1ndez (Cibao FC \u2013 RD),&nbsp;Giocarla&nbsp;Dur\u00e1n (Cibao FC \u2013 RD) y Juliana Mart\u00ednez (SD Colonial \u2013 RD).<\/p>\n\n\n\n<p>La escuadra patria estar\u00e1 debutando ante Dominica el s\u00e1bado 24\/01 a partir de las 6:00 PM, su segunda presentaci\u00f3n ser\u00e1 contra Islas V\u00edrgenes Estadounidenses el lunes 26\/01 desde las 6:00 PM, el tercer rival es Belice el viernes 30\/01 en horario de 9:00 PM y cerrar\u00e1 contra Nicaragua el domingo 01\/02 tambi\u00e9n a las 9:00 PM (Horarios de RD).<\/p>\n\n\n\n<p>Cabe destacar que&nbsp;el Clasificatorio Sub-17 Femenino de Concacaf tendr\u00e1 en competencia a 29 selecciones nacionales del \u00e1rea distribuidas en seis grupos, los conjuntos que finalicen en primer lugar de su grupo y los dos mejores segundos lugares avanzar\u00e1n a la fase final del premundial -Campeonato Sub-17 Femenino de Concacaf-.<\/p>\n\n\n\n<p>A la ronda final -Campeonato Sub-17 Femenino de Concacaf- fueron clasificados de manera directa Canad\u00e1, Estados Unidos, M\u00e9xico y Puerto Rico por ser las cuatro primeras del Ranking Concacaf.<\/p>\n\n\n\n<p><strong>Johnny Nieto<\/strong><\/p>\n\n\n\n<p><strong>Departamento de Comunicaciones F.D.F.<\/strong><\/p>\n","protected":false},"excerpt":{"rendered":"<p>SANTO DOMINGO, RD.- La Selecci\u00f3n Dominicana de F\u00fatbol Sub-17 Femenina dio a conocer la lista de jugadoras convocadas para disputar el&nbsp;Clasificatorio de Concacaf 2026 correspondiente a la rama y categor\u00eda, el cual se disputar\u00e1 del 24 de enero al 1 de febrero en Nicaragua. Rep\u00fablica Dominicana competir\u00e1 en el Grupo A junto a Belice, Islas [&hellip;]<\/p>\n","protected":false},"author":2,"featured_media":660624,"comment_status":"closed","ping_status":"closed","sticky":false,"template":"","format":"standard","meta":{"footnotes":""},"categories":[17,27],"tags":[451,4032,220],"class_list":["post-660623","post","type-post","status-publish","format-standard","has-post-thumbnail","hentry","category-deportes","category-portada","tag-concacaf","tag-guardar","tag-sub-17"],"_links":{"self":[{"href":"https:\/\/diariodominicano.com\/index.php?rest_route=\/wp\/v2\/posts\/660623","targetHints":{"allow":["GET"]}}],"collection":[{"href":"https:\/\/diariodominicano.com\/index.php?rest_route=\/wp\/v2\/posts"}],"about":[{"href":"https:\/\/diariodominicano.com\/index.php?rest_route=\/wp\/v2\/types\/post"}],"author":[{"embeddable":true,"href":"https:\/\/diariodominicano.com\/index.php?rest_route=\/wp\/v2\/users\/2"}],"replies":[{"embeddable":true,"href":"https:\/\/diariodominicano.com\/index.php?rest_route=%2Fwp%2Fv2%2Fcomments&post=660623"}],"version-history":[{"count":4,"href":"https:\/\/diariodominicano.com\/index.php?rest_route=\/wp\/v2\/posts\/660623\/revisions"}],"predecessor-version":[{"id":660679,"href":"https:\/\/diariodominicano.com\/index.php?rest_route=\/wp\/v2\/posts\/660623\/revisions\/660679"}],"wp:featuredmedia":[{"embeddable":true,"href":"https:\/\/diariodominicano.com\/index.php?rest_route=\/wp\/v2\/media\/660624"}],"wp:attachment":[{"href":"https:\/\/diariodominicano.com\/index.php?rest_route=%2Fwp%2Fv2%2Fmedia&parent=660623"}],"wp:term":[{"taxonomy":"category","embeddable":true,"href":"https:\/\/diariodominicano.com\/index.php?rest_route=%2Fwp%2Fv2%2Fcategories&post=660623"},{"taxonomy":"post_tag","embeddable":true,"href":"https:\/\/diariodominicano.com\/index.php?rest_route=%2Fwp%2Fv2%2Ftags&post=660623"}],"curies":[{"name":"wp","href":"https:\/\/api.w.org\/{rel}","templated":true}]}}