{"id":66062,"date":"2012-03-18T15:35:18","date_gmt":"2012-03-18T15:35:18","guid":{"rendered":"http:\/\/diariodominicano.ddns.net\/?p=66062"},"modified":"2012-03-18T15:35:18","modified_gmt":"2012-03-18T15:35:18","slug":"colegio-sagrado-corazon-de-jesus-realiza-via-crucis-de-familia","status":"publish","type":"post","link":"https:\/\/diariodominicano.com\/?p=66062","title":{"rendered":"Colegio Sagrado Coraz\u00f3n de Jes\u00fas realiza v\u00eda crucis de familia&#13;"},"content":{"rendered":"<p><body><\/p>\n<p><img decoding=\"async\" src=\"img3\/sagrado.JPG\" \/>  <\/p>\n<p><span class=\"text1noticias\">Rep.Dom, 18 de Marzo 11:35 P.M.-El Colegio Sagrado Coraz\u00f3n de Jes\u00fas celebr\u00f3 en sus instalaciones un solemne V\u00eda Crucis de familia, con la participaci\u00f3n de padres, hermanos, abuelos y dem\u00e1s familiares de los estudiantes de este centro educativo que por m\u00e1s de 75 a\u00f1os ha contribuido a la formaci\u00f3n de miles de ciudadanos.<\/span><\/p>\n<p><span class=\"text1noticias\"> <\/span><\/p>\n<p><span class=\"text1noticias\">Al caer la tarde y un sol aun resplandeciente se inicio el v\u00eda crucis, dedicado a la familia como celula principal de la sociedad, presentando un aspecto de la pasi\u00f3n de Jes\u00fas actualizada en los matrimonios, esta visi\u00f3n diferente de la pasi\u00f3n nos puede hacer entender como los sufrimientos de la vida diaria matrimonial, al vivirlo con amor y unidos a los de Cristo, pueden ser redentores.<\/span><\/p>\n<p><span class=\"text1noticias\"> <\/span><\/p>\n<p><span class=\"text1noticias\">La pasi\u00f3n de Cristo no es algo del pasado, esta tambi\u00e9n la pasi\u00f3n de muchas familias donde le resulta m\u00e1s f\u00e1cil entre ellos condenar, acusar y juzgar, en vez de reconocer las debilidades personales de esposos, de padres, de hijos y de hermanos, prefieren acusarse mutuamente, convirtiendo los hogares, m\u00e1s que de un nido de amor y cari\u00f1o, en tribunal que acusa, juzga y condena, por lo que rogaron al se\u00f1or darle luz para reconocer y confesar sus errores en vez de carg\u00e1rselo a los dem\u00e1s.<\/span><\/p>\n<p><span class=\"text1noticias\"> <\/span><\/p>\n<p><span class=\"text1noticias\">Cada estaci\u00f3n de la pasi\u00f3n de Cristo fue dramatizada por estudiantes del Colegio Sagrado Coraz\u00f3n de Jes\u00fas y al finalizar rogaron al se\u00f1or por lo ni\u00f1os que transitan por el v\u00eda crucis de la vida sin pan, sin educaci\u00f3n, sin salud y sobre todo, ni\u00f1os cuya carencia fundamental es la carencia de cari\u00f1o, de amor, de ternura, la carencia de un hogar<\/span>. <\/p>\n<h6> 2012-03-18 15:35:18 <\/h6>\n<p><!--\n<link rel=\"stylesheet\" href=\"css\/bootstrap.min.css\">\n\n\n<ul class=\"pagination\">\n\t    \n\t\n\n<li >\n\t<a href='?page_no=17739'>Previous<\/a>\n\t<\/li>\n\n\n       \n    \n\n<li><a href='?page_no=1'>1<\/a><\/li>\n\n\n\n<li><a href='?page_no=2'>2<\/a><\/li>\n\n\n\n<li><a>...<\/a><\/li>\n\n\n\n<li><a href='?page_no=17738'>17738<\/a><\/li>\n\n\n\n<li><a href='?page_no=17739'>17739<\/a><\/li>\n\n\n\n<li class='active'><a>17740<\/a><\/li>\n\n\n\n<li><a href='?page_no=17741'>17741<\/a><\/li>\n\n\n\n<li><a href='?page_no=17742'>17742<\/a><\/li>\n\n\n\n<li><a>...<\/a><\/li>\n\n\n\n<li><a href='?page_no=22911'>22911<\/a><\/li>\n\n\n\n<li><a href='?page_no=22912'>22912<\/a><\/li>\n\n    \n\t\n\n<li >\n\t<a href='?page_no=17741'>Next<\/a>\n\t<\/li>\n\n\n    \n\n<li><a href='?page_no=22912'>Last &rsaquo;&rsaquo;<\/a><\/li>\n\n<\/ul>\n\n\n--><br \/>\n<\/body><\/p>\n","protected":false},"excerpt":{"rendered":"<p>Rep.Dom, 18 de Marzo 11:35 P.M.-El Colegio Sagrado Coraz\u00f3n de Jes\u00fas celebr\u00f3 en sus instalaciones un solemne V\u00eda Crucis de familia, con la participaci\u00f3n de padres, hermanos, abuelos y dem\u00e1s familiares de los estudiantes de este centro educativo que por m\u00e1s de 75 a\u00f1os ha contribuido a la formaci\u00f3n de miles de ciudadanos. Al caer [&hellip;]<\/p>\n","protected":false},"author":3,"featured_media":0,"comment_status":"open","ping_status":"open","sticky":false,"template":"","format":"standard","meta":{"footnotes":""},"categories":[21],"tags":[],"class_list":["post-66062","post","type-post","status-publish","format-standard","hentry","category-cultura"],"_links":{"self":[{"href":"https:\/\/diariodominicano.com\/index.php?rest_route=\/wp\/v2\/posts\/66062","targetHints":{"allow":["GET"]}}],"collection":[{"href":"https:\/\/diariodominicano.com\/index.php?rest_route=\/wp\/v2\/posts"}],"about":[{"href":"https:\/\/diariodominicano.com\/index.php?rest_route=\/wp\/v2\/types\/post"}],"author":[{"embeddable":true,"href":"https:\/\/diariodominicano.com\/index.php?rest_route=\/wp\/v2\/users\/3"}],"replies":[{"embeddable":true,"href":"https:\/\/diariodominicano.com\/index.php?rest_route=%2Fwp%2Fv2%2Fcomments&post=66062"}],"version-history":[{"count":0,"href":"https:\/\/diariodominicano.com\/index.php?rest_route=\/wp\/v2\/posts\/66062\/revisions"}],"wp:attachment":[{"href":"https:\/\/diariodominicano.com\/index.php?rest_route=%2Fwp%2Fv2%2Fmedia&parent=66062"}],"wp:term":[{"taxonomy":"category","embeddable":true,"href":"https:\/\/diariodominicano.com\/index.php?rest_route=%2Fwp%2Fv2%2Fcategories&post=66062"},{"taxonomy":"post_tag","embeddable":true,"href":"https:\/\/diariodominicano.com\/index.php?rest_route=%2Fwp%2Fv2%2Ftags&post=66062"}],"curies":[{"name":"wp","href":"https:\/\/api.w.org\/{rel}","templated":true}]}}