{"id":66060,"date":"2012-03-18T16:04:56","date_gmt":"2012-03-18T16:04:56","guid":{"rendered":"http:\/\/diariodominicano.ddns.net\/?p=66060"},"modified":"2012-03-18T16:04:56","modified_gmt":"2012-03-18T16:04:56","slug":"decenas-de-jovenes-participan-en-la-uasd-clinicas-didacticas-de-musica","status":"publish","type":"post","link":"https:\/\/diariodominicano.com\/?p=66060","title":{"rendered":"Decenas de j\u00f3venes participan en la UASD cl\u00ednicas did\u00e1cticas de m\u00fasica"},"content":{"rendered":"<p><body><\/p>\n<p><img decoding=\"async\" src=\"img3\/taller.JPG\" \/>  <\/p>\n<p><span class=\"text1noticias\">Rep.Dom, 18 de Marzo 12:00 P.M.-Decenas de ni\u00f1os y adolecentes participan en el ciclo de cl\u00ednicas did\u00e1cticas que realiza la Escuela de M\u00fasica de la  Facultad de Artes de la Universidad Aut\u00f3noma de Santo Domingo (UASD) y la Fundaci\u00f3n Nacional de Ni\u00f1os por las Artes (FUNANART), dise\u00f1adas con el objetivo de fortalecer el conocimiento musical de los participantes.<\/span><\/p>\n<\/p>\n<p><span class=\"text1noticias\">Las cl\u00ednicas son impartidas por los destacados maestros de la m\u00fasica  El\u00edas Santana (trompetista), Guy Fr\u00f3meta (percusionista), Crisp\u00edn Fern\u00e1ndez (saxofonista), David V\u00e1squez (bajista el\u00e9ctrico), Eddys S\u00e1nchez (investigador folkl\u00f3rico y percusionista), y Ezequiel Francisco Rodr\u00edguez, baterista.<\/span><\/p>\n<\/p>\n<p><span class=\"text1noticias\">En el acto de inauguraci\u00f3n realizado en la Biblioteca Pedro Mir de la UASD, la decana de la Facultad de Artes, Mar\u00eda del Pilar Dom\u00ednguez valor\u00f3 como trascendentes las cl\u00ednicas debido a que grandes maestros de la m\u00fasica dominicana aportan sus conocimientos, lo cual permitir\u00e1 que los j\u00f3venes participantes aprendan de \u00e9stos y tomen conciencia de la importancia de la educaci\u00f3n musical. <\/span><\/p>\n<\/p>\n<p><span class=\"text1noticias\">De su lado el saxofonista Crisp\u00edn Fern\u00e1ndez, al hablar en nombre de los maestros participantes en las cl\u00ednicas dijo que con esta actividad \u00e9l se vuelve a la edad infantil, lo cual lo llena de alegr\u00eda y satisfacci\u00f3n, ya que: \u00abno se imaginan lo contento que estoy, viendo a las futuras generaciones de  m\u00fasicos. El deber de nosotros es velar para que estas nuevas generaciones no tengan los obst\u00e1culos que nosotros tuvimos\u00bb, signific\u00f3 el artista.<\/span><\/p>\n<\/p>\n<p><span class=\"text1noticias\">Mientras, la presidenta de FUNANART, Ana N\u00fa\u00f1ez agradeci\u00f3 al director de la Escuela de M\u00fasica, maestro Hip\u00f3lito Javier, a la decana de la facultad de Artes, Mar\u00eda del Pilar, a la embajada de Francia, as\u00ed como a las dem\u00e1s autoridades de la UASD  \u00abpor el apoyo recibido para la realizaci\u00f3n de este evento a favor de la cultura de la clase menos favorecida\u00bb.<\/span><\/p>\n<\/p>\n<p><span class=\"text1noticias\">En la realizaci\u00f3n de las cl\u00ednicas did\u00e1cticas tambi\u00e9n participan la Orquesta de Jazz de la Escuela de M\u00fasica de la Facultad de Artes de la UASD y el Grupo Folkl\u00f3rico del Conservatorio Nacional de M\u00fasica, que dirige el maestro Eddys S\u00e1nchez.(HG)<\/span>.<\/p>\n<h6> 2012-03-18 16:04:56 <\/h6>\n<p><!--\n<link rel=\"stylesheet\" href=\"css\/bootstrap.min.css\">\n\n\n<ul class=\"pagination\">\n\t    \n\t\n\n<li >\n\t<a href='?page_no=17737'>Previous<\/a>\n\t<\/li>\n\n\n       \n    \n\n<li><a href='?page_no=1'>1<\/a><\/li>\n\n\n\n<li><a href='?page_no=2'>2<\/a><\/li>\n\n\n\n<li><a>...<\/a><\/li>\n\n\n\n<li><a href='?page_no=17736'>17736<\/a><\/li>\n\n\n\n<li><a href='?page_no=17737'>17737<\/a><\/li>\n\n\n\n<li class='active'><a>17738<\/a><\/li>\n\n\n\n<li><a href='?page_no=17739'>17739<\/a><\/li>\n\n\n\n<li><a href='?page_no=17740'>17740<\/a><\/li>\n\n\n\n<li><a>...<\/a><\/li>\n\n\n\n<li><a href='?page_no=22911'>22911<\/a><\/li>\n\n\n\n<li><a href='?page_no=22912'>22912<\/a><\/li>\n\n    \n\t\n\n<li >\n\t<a href='?page_no=17739'>Next<\/a>\n\t<\/li>\n\n\n    \n\n<li><a href='?page_no=22912'>Last &rsaquo;&rsaquo;<\/a><\/li>\n\n<\/ul>\n\n\n--><br \/>\n<\/body><\/p>\n","protected":false},"excerpt":{"rendered":"<p>Rep.Dom, 18 de Marzo 12:00 P.M.-Decenas de ni\u00f1os y adolecentes participan en el ciclo de cl\u00ednicas did\u00e1cticas que realiza la Escuela de M\u00fasica de la Facultad de Artes de la Universidad Aut\u00f3noma de Santo Domingo (UASD) y la Fundaci\u00f3n Nacional de Ni\u00f1os por las Artes (FUNANART), dise\u00f1adas con el objetivo de fortalecer el conocimiento musical [&hellip;]<\/p>\n","protected":false},"author":3,"featured_media":0,"comment_status":"open","ping_status":"open","sticky":false,"template":"","format":"standard","meta":{"footnotes":""},"categories":[21],"tags":[],"class_list":["post-66060","post","type-post","status-publish","format-standard","hentry","category-cultura"],"_links":{"self":[{"href":"https:\/\/diariodominicano.com\/index.php?rest_route=\/wp\/v2\/posts\/66060","targetHints":{"allow":["GET"]}}],"collection":[{"href":"https:\/\/diariodominicano.com\/index.php?rest_route=\/wp\/v2\/posts"}],"about":[{"href":"https:\/\/diariodominicano.com\/index.php?rest_route=\/wp\/v2\/types\/post"}],"author":[{"embeddable":true,"href":"https:\/\/diariodominicano.com\/index.php?rest_route=\/wp\/v2\/users\/3"}],"replies":[{"embeddable":true,"href":"https:\/\/diariodominicano.com\/index.php?rest_route=%2Fwp%2Fv2%2Fcomments&post=66060"}],"version-history":[{"count":0,"href":"https:\/\/diariodominicano.com\/index.php?rest_route=\/wp\/v2\/posts\/66060\/revisions"}],"wp:attachment":[{"href":"https:\/\/diariodominicano.com\/index.php?rest_route=%2Fwp%2Fv2%2Fmedia&parent=66060"}],"wp:term":[{"taxonomy":"category","embeddable":true,"href":"https:\/\/diariodominicano.com\/index.php?rest_route=%2Fwp%2Fv2%2Fcategories&post=66060"},{"taxonomy":"post_tag","embeddable":true,"href":"https:\/\/diariodominicano.com\/index.php?rest_route=%2Fwp%2Fv2%2Ftags&post=66060"}],"curies":[{"name":"wp","href":"https:\/\/api.w.org\/{rel}","templated":true}]}}