{"id":66059,"date":"2012-03-18T16:35:40","date_gmt":"2012-03-18T16:35:40","guid":{"rendered":"http:\/\/diariodominicano.ddns.net\/?p=66059"},"modified":"2012-03-18T16:35:40","modified_gmt":"2012-03-18T16:35:40","slug":"confirman-presencia-de-tres-grupos-tainos-en-dominicana","status":"publish","type":"post","link":"https:\/\/diariodominicano.com\/?p=66059","title":{"rendered":"Confirman presencia de tres grupos ta\u00ednos en Dominicana"},"content":{"rendered":"<p><body><\/p>\n<p><span class=\"text1noticias\">Santo Domingo, Rep.Dom, 18 mar  12:30 P.M.-(PL) El arque\u00f3logo espa\u00f1ol Adolfo L\u00f3pez confirm\u00f3 aqu\u00ed que los restos de esqueletos y piezas de cer\u00e1mica de hallados a finales de 2011 en la zona norte del pa\u00eds corresponden a la civilizaci\u00f3n ta\u00edna.<\/span><\/p>\n<\/p>\n<p><span class=\"text1noticias\">En una conferencia dictada en la Academia de Ciencias dominicana, el experto dijo que el hallazgo arqueol\u00f3gico mencionado muestra que tres grupos de ta\u00ednos, ostionoides, mellacoides y chicoides, convivieron en el mismo terreno y por la misma \u00e9poca, desechando criterios anteriores sobre la coexistencia de los tres grupos.<\/span><\/p>\n<\/p>\n<p><span class=\"text1noticias\">La excavaci\u00f3n del asentamiento ta\u00edno se realiz\u00f3 en Playa Grande, entre los poblados de R\u00edo San Juan y Cabrera y data entre los a\u00f1os 650 y 1500 de nuestra era.<\/span><\/p>\n<\/p>\n<p><span class=\"text1noticias\">L\u00f3pez precis\u00f3 que los restos se diferencian por el tipo de cer\u00e1mica que elaboraban y otros aspectos de la historia aborigen de la isla de La Espa\u00f1ola.<\/span><\/p>\n<\/p>\n<p><span class=\"text1noticias\">El arque\u00f3logo es el director del proyecto y hace seis meses inici\u00f3 una de las excavaciones m\u00e1s grandes que se ha realizado en el pa\u00eds, con el apoyo financiero de inversionistas que piensan realizar un proyecto tur\u00edstico en el terreno.<\/span><\/p>\n<\/p>\n<p><span class=\"text1noticias\">En un primer momento, se\u00f1alan los cient\u00edficos, la mayor parte de la cer\u00e1mica era Mellacoides en un 70 por ciento, un porcentaje de Chicoide y entre el 10 y 20 por ciento de Ostionoide.<\/span><\/p>\n<\/p>\n<p><span class=\"text1noticias\">Entre los especialistas trabajando con L\u00f3pez en un grupo multidisciplinario figuran el bi\u00f3logo Renato R\u00edmoli, del Museo del Hombre Dominicano, Jos\u00e9 Guerrero, director del Instituto Dominicano de Investigaciones Antropol\u00f3gicas de la Universidad Aut\u00f3noma de Santo Domingo y 10 ayudantes.<\/span><\/p>\n<\/p>\n<p><span class=\"text1noticias\">El antrop\u00f3logo Abelardo Jim\u00e9nez Lambertus explic\u00f3 que el esqueleto mejor conservado de un enterramiento en esa zona era de una mujer ta\u00edna de unos 38 a\u00f1os y que med\u00eda 1.44 metros de altura. Otro, cuyos huesos estaban casi pulverizados, era de un ni\u00f1o de dos a\u00f1os.<\/span><\/p>\n<\/p>\n<p><span class=\"text1noticias\">Otro hallazgo es que posiblemente los habitantes de esa zona se dedicaban a fabricar hachas de jade, muy usadas por las culturas abor\u00edgenes de Suram\u00e9rica, posiblemente para intercambiarlas, ya que seg\u00fan explic\u00f3 el arque\u00f3logo espa\u00f1ol, su equipo ha encontrado 30 hachas de este material, y no es coincidencia, porque la \u00fanica cantera en el Caribe est\u00e1 ubicada en Rio San Juan, muy cerca de la playa.(HG)<\/span>.<\/p>\n<h6> 2012-03-18 16:35:40 <\/h6>\n<p><!--\n<link rel=\"stylesheet\" href=\"css\/bootstrap.min.css\">\n\n\n<ul class=\"pagination\">\n\t    \n\t\n\n<li >\n\t<a href='?page_no=17736'>Previous<\/a>\n\t<\/li>\n\n\n       \n    \n\n<li><a href='?page_no=1'>1<\/a><\/li>\n\n\n\n<li><a href='?page_no=2'>2<\/a><\/li>\n\n\n\n<li><a>...<\/a><\/li>\n\n\n\n<li><a href='?page_no=17735'>17735<\/a><\/li>\n\n\n\n<li><a href='?page_no=17736'>17736<\/a><\/li>\n\n\n\n<li class='active'><a>17737<\/a><\/li>\n\n\n\n<li><a href='?page_no=17738'>17738<\/a><\/li>\n\n\n\n<li><a href='?page_no=17739'>17739<\/a><\/li>\n\n\n\n<li><a>...<\/a><\/li>\n\n\n\n<li><a href='?page_no=22911'>22911<\/a><\/li>\n\n\n\n<li><a href='?page_no=22912'>22912<\/a><\/li>\n\n    \n\t\n\n<li >\n\t<a href='?page_no=17738'>Next<\/a>\n\t<\/li>\n\n\n    \n\n<li><a href='?page_no=22912'>Last &rsaquo;&rsaquo;<\/a><\/li>\n\n<\/ul>\n\n\n--><br \/>\n<\/body><\/p>\n","protected":false},"excerpt":{"rendered":"<p>Santo Domingo, Rep.Dom, 18 mar 12:30 P.M.-(PL) El arque\u00f3logo espa\u00f1ol Adolfo L\u00f3pez confirm\u00f3 aqu\u00ed que los restos de esqueletos y piezas de cer\u00e1mica de hallados a finales de 2011 en la zona norte del pa\u00eds corresponden a la civilizaci\u00f3n ta\u00edna. En una conferencia dictada en la Academia de Ciencias dominicana, el experto dijo que el [&hellip;]<\/p>\n","protected":false},"author":3,"featured_media":0,"comment_status":"open","ping_status":"open","sticky":false,"template":"","format":"standard","meta":{"footnotes":""},"categories":[21],"tags":[],"class_list":["post-66059","post","type-post","status-publish","format-standard","hentry","category-cultura"],"_links":{"self":[{"href":"https:\/\/diariodominicano.com\/index.php?rest_route=\/wp\/v2\/posts\/66059","targetHints":{"allow":["GET"]}}],"collection":[{"href":"https:\/\/diariodominicano.com\/index.php?rest_route=\/wp\/v2\/posts"}],"about":[{"href":"https:\/\/diariodominicano.com\/index.php?rest_route=\/wp\/v2\/types\/post"}],"author":[{"embeddable":true,"href":"https:\/\/diariodominicano.com\/index.php?rest_route=\/wp\/v2\/users\/3"}],"replies":[{"embeddable":true,"href":"https:\/\/diariodominicano.com\/index.php?rest_route=%2Fwp%2Fv2%2Fcomments&post=66059"}],"version-history":[{"count":0,"href":"https:\/\/diariodominicano.com\/index.php?rest_route=\/wp\/v2\/posts\/66059\/revisions"}],"wp:attachment":[{"href":"https:\/\/diariodominicano.com\/index.php?rest_route=%2Fwp%2Fv2%2Fmedia&parent=66059"}],"wp:term":[{"taxonomy":"category","embeddable":true,"href":"https:\/\/diariodominicano.com\/index.php?rest_route=%2Fwp%2Fv2%2Fcategories&post=66059"},{"taxonomy":"post_tag","embeddable":true,"href":"https:\/\/diariodominicano.com\/index.php?rest_route=%2Fwp%2Fv2%2Ftags&post=66059"}],"curies":[{"name":"wp","href":"https:\/\/api.w.org\/{rel}","templated":true}]}}