{"id":66058,"date":"2012-03-18T20:50:01","date_gmt":"2012-03-18T20:50:01","guid":{"rendered":"http:\/\/diariodominicano.ddns.net\/?p=66058"},"modified":"2012-03-18T20:50:01","modified_gmt":"2012-03-18T20:50:01","slug":"cardenal-lopez-rodriguez-inaugura-xxiii-feria-del-libro-catolico","status":"publish","type":"post","link":"https:\/\/diariodominicano.com\/?p=66058","title":{"rendered":"Cardenal L\u00f3pez Rodr\u00edguez inaugura XXIII Feria del Libro Cat\u00f3lico"},"content":{"rendered":"<p><body><\/p>\n<p><span class=\"text1noticias\">Santo Domingo RD 18 marzo (4:48 pm).- La vig\u00e9sima tercera edici\u00f3n de la Feria del Libro Cat\u00f3lico fue inaugurada anoche en al Casa de San Pablo, de la avenida R\u00f3mulo Bentancourt, con la participaci\u00f3n de 31 instituciones que exhiben miles de t\u00edtulos de literatura religiosa, formaci\u00f3n moral y humana, historia de la iglesia, teolog\u00eda, filosof\u00eda cristiana, tratados sobre la Biblia y los evangelios, y temas diversos sobre la pr\u00e1ctica de la fe cat\u00f3lica.<\/span><\/p>\n<p><span class=\"text1noticias\"> <\/span><\/p>\n<p><span class=\"text1noticias\">Bajo el lema \u00abPoco sabe quien poco lee\u00bb, la inauguraci\u00f3n fue encabezada por arzobispo metropolitano de Santo Domingo, monse\u00f1or Nicol\u00e1s de Jes\u00fas Cardenal L\u00f3pez Rodr\u00edguez, quien destac\u00f3 el evento como la actividad intelectual y cultural m\u00e1s importante de la iglesia en el pa\u00eds.<\/span><\/p>\n<p><span class=\"text1noticias\"> <\/span><\/p>\n<p><span class=\"text1noticias\">Dijo que es muy importante que el pueblo dominicano sea cada vez m\u00e1s consciente de la necesidad de leer y desarrollarse intelectual y culturalmente, pero sobre todo con buenas lecturas.<\/span><\/p>\n<p><span class=\"text1noticias\"> <\/span><\/p>\n<p><span class=\"text1noticias\">En ese sentido, se refiri\u00f3 a las lecturas que se ofrecen en las redes sociales y portales de Internet, recomendando a los cat\u00f3licos que se seleccionen siempre un buen material que se rija y se base en la verdad. Cit\u00f3 que hay redes de lectores de las Sagradas Escrituras que tienen m\u00e1s de 300 mil personas que cada d\u00eda nutren su fe con una buena lectura de la Biblia, especialmente de los evangelios y la vida de Jesucristo.<\/span><\/p>\n<p><span class=\"text1noticias\"> <\/span><\/p>\n<p><span class=\"text1noticias\">Invit\u00f3 no s\u00f3lo a los cat\u00f3licos, sino al p\u00fablico en gene ral, a aprovecharse de esta exposici\u00f3n de libros cat\u00f3licos sobre temas muy diversos de la historia, tradici\u00f3n y cultura de la iglesia cat\u00f3lica y del pueblo fiel en todo el mundo.<\/span><\/p>\n<p><span class=\"text1noticias\"> <\/span><\/p>\n<p><span class=\"text1noticias\">En la feria se exhiben t\u00edtulos de autores de todas las etapas de la vida de la iglesia, especialmente de santos y hobres y mujeres ejemplares que a trav\u00e9s de la historia han entregado todo por la fe cat\u00f3lica y la iglesia, y en much\u00edsimos de los casos la propia vida.<\/span><\/p>\n<p><span class=\"text1noticias\"> <\/span><\/p>\n<p><span class=\"text1noticias\">Adem\u00e1s de los libros y la literatura religiosa, en el evento se exponen una gran cantidad de artesan\u00eda y pinturas sacras, \u00edconos, im\u00e1ge nes, medallas, estampas y decenas de formas y colores de las cuentas del rosario que rezan los fieles a la Virgen Mar\u00eda.<\/span><\/p>\n<p><span class=\"text1noticias\"> <\/span><\/p>\n<p><span class=\"text1noticias\">El evento, que se inaugur\u00f3 ayer se extender\u00e1 hasta el domingo 25, y cada d\u00eda se celebrar\u00e1n una serie de actividades que han sido programadas por los organizadores, encabezados por el director Guillermo Mej\u00eda.<\/span><\/p>\n<p><span class=\"text1noticias\"> <\/span><\/p>\n<p><span class=\"text1noticias\">Desde hoy domingo 18, adem\u00e1s las exhibiciones, se ofrecer\u00e1 una eucarist\u00eda solemne por el \u00e9xito de la Feria, la cual ser\u00e1 oficiada por el obispo auxiliar, Amancio Escapa.<\/span><\/p>\n<p><span class=\"text1noticias\"> <\/span><\/p>\n<p><span class=\"text1noticias\">Al igual que los dem\u00e1s d\u00edas, habr\u00e1n presentaciones de grupos, coros y cantantes cat\u00f3licos, actividades infantiles, misas y presentaci\u00f3n de libros.<\/span><\/p>\n<p><span class=\"text1noticias\"> <\/span><\/p>\n<p><span class=\"text1noticias\">(+) <\/span><\/p>\n<p><span class=\"text1noticias\">RESALTA IMPORTANCIA DE LIBRO CAT\u00d3LICO <\/span><\/p>\n<p><span class=\"text1noticias\">En el acto inaugural, particip\u00f3 el director de la Biblioteca Nacional, Di\u00f3menes N\u00fa\u00f1ez Polanco, quien resalt\u00f3 esta actividad como un evento relevante para el pa\u00eds, no s\u00f3lo por los libros que se exhiben, sino tambi\u00e9n por la vasta cultura, el arte y la historia que representa en el mundo la iglesia cat\u00f3lica. <\/span><\/p>\n<p><span class=\"text1noticias\"> <\/span><\/p>\n<p><span class=\"text1noticias\">Entre los libros que ser\u00e1n puestos en circulaci\u00f3n, est\u00e1n algunos t\u00edtulos del arzobispo de Santiago, monse\u00f1or Ram\u00f3n de la Rosa y Carpio, quien participar\u00e1 en una tertulia sobre sus escritos, el mi\u00e9rcoles 22 de marzo a las 8:30 PM, y el martes 21, circular\u00e1 un libro del padre Jos\u00e9 Luis Alem\u00e1n sobre econom\u00eda pol\u00edtica dominicana. <\/span><\/p>\n<p><span class=\"text1noticias\"> <\/span><\/p>\n<p><span class=\"text1noticias\">El jueves 22, se pondr\u00e1 circular los libros \u00abLos disc\u00edpulos misioneros\u00bb y \u00abAportes de la iglesia a la humanidad\u00bb, y el lunes 19, habr\u00e1 una tertulia, dirigida por Maruchi de Elmud\u00e9si, sobre el libro \u00abQuien est\u00e1 educando alpueblo\u00bb. Conciertos del grupo Alfarero, Ambri\u00f3rix Padilla, son parte del programa.(AD)<\/span>.<\/p>\n<\/p>\n<h6> 2012-03-18 20:50:01 <\/h6>\n<p><!--\n<link rel=\"stylesheet\" href=\"css\/bootstrap.min.css\">\n\n\n<ul class=\"pagination\">\n\t    \n\t\n\n<li >\n\t<a href='?page_no=17735'>Previous<\/a>\n\t<\/li>\n\n\n       \n    \n\n<li><a href='?page_no=1'>1<\/a><\/li>\n\n\n\n<li><a href='?page_no=2'>2<\/a><\/li>\n\n\n\n<li><a>...<\/a><\/li>\n\n\n\n<li><a href='?page_no=17734'>17734<\/a><\/li>\n\n\n\n<li><a href='?page_no=17735'>17735<\/a><\/li>\n\n\n\n<li class='active'><a>17736<\/a><\/li>\n\n\n\n<li><a href='?page_no=17737'>17737<\/a><\/li>\n\n\n\n<li><a href='?page_no=17738'>17738<\/a><\/li>\n\n\n\n<li><a>...<\/a><\/li>\n\n\n\n<li><a href='?page_no=22911'>22911<\/a><\/li>\n\n\n\n<li><a href='?page_no=22912'>22912<\/a><\/li>\n\n    \n\t\n\n<li >\n\t<a href='?page_no=17737'>Next<\/a>\n\t<\/li>\n\n\n    \n\n<li><a href='?page_no=22912'>Last &rsaquo;&rsaquo;<\/a><\/li>\n\n<\/ul>\n\n\n--><br \/>\n<\/body><\/p>\n","protected":false},"excerpt":{"rendered":"<p>Santo Domingo RD 18 marzo (4:48 pm).- La vig\u00e9sima tercera edici\u00f3n de la Feria del Libro Cat\u00f3lico fue inaugurada anoche en al Casa de San Pablo, de la avenida R\u00f3mulo Bentancourt, con la participaci\u00f3n de 31 instituciones que exhiben miles de t\u00edtulos de literatura religiosa, formaci\u00f3n moral y humana, historia de la iglesia, teolog\u00eda, filosof\u00eda [&hellip;]<\/p>\n","protected":false},"author":3,"featured_media":0,"comment_status":"open","ping_status":"open","sticky":false,"template":"","format":"standard","meta":{"footnotes":""},"categories":[21],"tags":[],"class_list":["post-66058","post","type-post","status-publish","format-standard","hentry","category-cultura"],"_links":{"self":[{"href":"https:\/\/diariodominicano.com\/index.php?rest_route=\/wp\/v2\/posts\/66058","targetHints":{"allow":["GET"]}}],"collection":[{"href":"https:\/\/diariodominicano.com\/index.php?rest_route=\/wp\/v2\/posts"}],"about":[{"href":"https:\/\/diariodominicano.com\/index.php?rest_route=\/wp\/v2\/types\/post"}],"author":[{"embeddable":true,"href":"https:\/\/diariodominicano.com\/index.php?rest_route=\/wp\/v2\/users\/3"}],"replies":[{"embeddable":true,"href":"https:\/\/diariodominicano.com\/index.php?rest_route=%2Fwp%2Fv2%2Fcomments&post=66058"}],"version-history":[{"count":0,"href":"https:\/\/diariodominicano.com\/index.php?rest_route=\/wp\/v2\/posts\/66058\/revisions"}],"wp:attachment":[{"href":"https:\/\/diariodominicano.com\/index.php?rest_route=%2Fwp%2Fv2%2Fmedia&parent=66058"}],"wp:term":[{"taxonomy":"category","embeddable":true,"href":"https:\/\/diariodominicano.com\/index.php?rest_route=%2Fwp%2Fv2%2Fcategories&post=66058"},{"taxonomy":"post_tag","embeddable":true,"href":"https:\/\/diariodominicano.com\/index.php?rest_route=%2Fwp%2Fv2%2Ftags&post=66058"}],"curies":[{"name":"wp","href":"https:\/\/api.w.org\/{rel}","templated":true}]}}