{"id":660579,"date":"2026-01-16T20:09:48","date_gmt":"2026-01-17T00:09:48","guid":{"rendered":"https:\/\/diariodominicano.com\/?p=660579"},"modified":"2026-01-16T20:09:50","modified_gmt":"2026-01-17T00:09:50","slug":"testigo-del-tiempo-presidente-escoja-su-legado","status":"publish","type":"post","link":"https:\/\/diariodominicano.com\/?p=660579","title":{"rendered":"Testigo del tiempo \/ Presidente, escoja su legado"},"content":{"rendered":"\n<p>J.C. Malone <strong>&nbsp;<\/strong><\/p>\n\n\n\n<p><strong>&nbsp;&nbsp;&nbsp;&nbsp;&nbsp; Mientras la prensa esta llena de esc\u00e1ndalos de corrupci\u00f3n, el presidente dominicano, Luis Abinader, va a \u201cdar clases de Moral, C\u00edvica y \u00c9tica\u201d en una escuela p\u00fablica. Tambi\u00e9n anunci\u00f3 que su esposa, la primera dama Raquel Arbaje, y su vicepresidenta Raquel Pe\u00f1a, ir\u00e1n a \u201cdar clases\u201d a las escuelas.<\/strong><\/p>\n\n\n\n<p><strong>&nbsp;&nbsp;&nbsp;&nbsp;&nbsp; Para mi esta es la peor de todas las malas ideas que se le han ocurrido en los \u00faltimos cinco a\u00f1os.&nbsp; Se me ocurre hacerle una nota muy personal al presidente Abinader.<\/strong><\/p>\n\n\n\n<p><strong>Se\u00f1or presidente, Ud., y yo tenemos algo muy importante en com\u00fan, nosotros solo tenemos hijas, no tuvimos varones.<\/strong><\/p>\n\n\n\n<p><strong>Nuestras hijas comparten una s\u00f3lida educaci\u00f3n, aunque viven en ambientes distintos, y estoy seguro de que Ud., est\u00e1 tan orgulloso de las suyas, como yo de las m\u00edas.<\/strong><\/p>\n\n\n\n<p><strong>Nosotros, y nuestras hijas, recibimos formaci\u00f3n educativa sin politizaci\u00f3n. No es casualidad que ni en los Estados Unidos, ni en la Rep\u00fablica Dominicana, todos los presidentes antes de Ud., siempre se mantuvieron fuera de las aulas.<\/strong><\/p>\n\n\n\n<p><strong>El presidente es la principal figura pol\u00edtica de la naci\u00f3n, todo lo que toca se politiza, es inevitable. Hay cosas sencillamente inevitables, el rey Midas no pudo evitar convertir en oro todo lo que \u00e9l tocaba.<\/strong><\/p>\n\n\n\n<p><strong>Por eso le pido que ,por favor, recapacite sobre su idea de dar clases de \u201cMoral, C\u00edvica y \u00c9tica\u201d en nuestras escuelas. Lo acepto como una leg\u00edtima preocupaci\u00f3n suya; tambi\u00e9n es m\u00eda y de todos los dominicanos, pero le ruego que la canalice con Ud. fuera de las aulas.<\/strong><\/p>\n\n\n\n<p><strong>Ning\u00fan pol\u00edtico, en ninguna naci\u00f3n, da clases de \u201cmoral\u201d en las escuelas por razones muy obvias: los pol\u00edticos no son los mejores referentes morales en ninguna sociedad. Los presidentes que han respetado eso demuestran gran sabidur\u00eda, espero que Ud., como todos sus antecesores, lo entienda.<\/strong><\/p>\n\n\n\n<p><strong>Nuestro deficiente sistema educativo, que no le cumple a los padres que tributan, ni a los estudiantes que reciben las clases, debe mantenerse fuera de la pol\u00edtica.<\/strong><\/p>\n\n\n\n<p><strong>Los estudiantes dominicanos merecen una educaci\u00f3n de calidad, sin politizaci\u00f3n, como la que tuvimos nosotros, su vicepresidenta y todas nuestras hijas e hijos.<\/strong><\/p>\n\n\n\n<p><strong>Necesitamos profesores dedicados a ense\u00f1ar \u201cMoral, C\u00edvica y \u00c9tica\u201d en nuestras escuelas, pero Ud. no es educador de profesi\u00f3n.<\/strong><\/p>\n\n\n\n<p><strong>Le ruego respetar la divisi\u00f3n social del trabajo, a Ud., lo eligieron para gobernar, deje que los educadores eduquen, tan sencillo como \u201czapatero a su zapato\u201d.<\/strong><\/p>\n\n\n\n<p><strong>Su familia, se\u00f1or presidente, est\u00e1 muy ligada a la educaci\u00f3n. La vicepresidenta Raquel Pe\u00f1a tiene una extensa trayectoria acad\u00e9mica. Escojan su legado: mejorar\u00e1n o politizar\u00e1n la educaci\u00f3n dominicana.<\/strong><\/p>\n","protected":false},"excerpt":{"rendered":"<p>J.C. Malone &nbsp; &nbsp;&nbsp;&nbsp;&nbsp;&nbsp; Mientras la prensa esta llena de esc\u00e1ndalos de corrupci\u00f3n, el presidente dominicano, Luis Abinader, va a \u201cdar clases de Moral, C\u00edvica y \u00c9tica\u201d en una escuela p\u00fablica. Tambi\u00e9n anunci\u00f3 que su esposa, la primera dama Raquel Arbaje, y su vicepresidenta Raquel Pe\u00f1a, ir\u00e1n a \u201cdar clases\u201d a las escuelas. &nbsp;&nbsp;&nbsp;&nbsp;&nbsp; Para [&hellip;]<\/p>\n","protected":false},"author":7,"featured_media":630598,"comment_status":"closed","ping_status":"closed","sticky":false,"template":"","format":"standard","meta":{"footnotes":""},"categories":[16],"tags":[1663],"class_list":["post-660579","post","type-post","status-publish","format-standard","has-post-thumbnail","hentry","category-opiniones","tag-j-c-malone"],"_links":{"self":[{"href":"https:\/\/diariodominicano.com\/index.php?rest_route=\/wp\/v2\/posts\/660579","targetHints":{"allow":["GET"]}}],"collection":[{"href":"https:\/\/diariodominicano.com\/index.php?rest_route=\/wp\/v2\/posts"}],"about":[{"href":"https:\/\/diariodominicano.com\/index.php?rest_route=\/wp\/v2\/types\/post"}],"author":[{"embeddable":true,"href":"https:\/\/diariodominicano.com\/index.php?rest_route=\/wp\/v2\/users\/7"}],"replies":[{"embeddable":true,"href":"https:\/\/diariodominicano.com\/index.php?rest_route=%2Fwp%2Fv2%2Fcomments&post=660579"}],"version-history":[{"count":1,"href":"https:\/\/diariodominicano.com\/index.php?rest_route=\/wp\/v2\/posts\/660579\/revisions"}],"predecessor-version":[{"id":660582,"href":"https:\/\/diariodominicano.com\/index.php?rest_route=\/wp\/v2\/posts\/660579\/revisions\/660582"}],"wp:featuredmedia":[{"embeddable":true,"href":"https:\/\/diariodominicano.com\/index.php?rest_route=\/wp\/v2\/media\/630598"}],"wp:attachment":[{"href":"https:\/\/diariodominicano.com\/index.php?rest_route=%2Fwp%2Fv2%2Fmedia&parent=660579"}],"wp:term":[{"taxonomy":"category","embeddable":true,"href":"https:\/\/diariodominicano.com\/index.php?rest_route=%2Fwp%2Fv2%2Fcategories&post=660579"},{"taxonomy":"post_tag","embeddable":true,"href":"https:\/\/diariodominicano.com\/index.php?rest_route=%2Fwp%2Fv2%2Ftags&post=660579"}],"curies":[{"name":"wp","href":"https:\/\/api.w.org\/{rel}","templated":true}]}}