{"id":66057,"date":"2012-03-18T20:54:23","date_gmt":"2012-03-18T20:54:23","guid":{"rendered":"http:\/\/diariodominicano.ddns.net\/?p=66057"},"modified":"2012-03-18T20:54:23","modified_gmt":"2012-03-18T20:54:23","slug":"mario-vargas-llosa-publicara-nueva-novela-en-el-2013","status":"publish","type":"post","link":"https:\/\/diariodominicano.com\/?p=66057","title":{"rendered":"Mario Vargas Llosa publicar\u00e1 nueva novela en el 2013"},"content":{"rendered":"<p><body><\/p>\n<p><span class=\"text1noticias\">Santiago de Chile, 18 marzo (4:51 pm).- El flamante premio Nobel de literatura, Mario Vargas Llosa, que se encuentra en la capital chilena como invitado de honor al 80 cumplea\u00f1os del escritor chileno Jorge Edwards, asegur\u00f3 que su pr\u00f3xima novela saldr\u00e1 a la venta el pr\u00f3ximo a\u00f1o.<\/span><\/p>\n<\/p>\n<p><span class=\"text1noticias\">\u00abSer\u00e1 la primera en publicarse tras recibir el Premio Nobel 2010. Lleva por t\u00edtulo ?El h\u00e9roe discreto?, aunque no es seguro que sea el definitivo\u00bb, a\u00f1adi\u00f3 Vargas Llosa, considerado uno de los m\u00e1s importantes novelistas y ensayistas contempor\u00e1neos.<\/span><\/p>\n<\/p>\n<p><span class=\"text1noticias\">\u00abNo es una novela autobiogr\u00e1fica, parto de im\u00e1genes de la memoria y transcurre entre la localidad de Piura y Lima\u00bb, explic\u00f3 escuetamente el escritor peruano en una en una sala abarrotada de personalidades de la cultura y la literatura chilena que participaron en un seminario en homenaje al 80 aniversario del escritor y diplom\u00e1tico chileno.<\/span><\/p>\n<\/p>\n<p><strong><span class=\"text1noticias\">Ensayo <\/span><\/strong><\/p>\n<p><span class=\"text1noticias\">Ganador del Premio Cervantes, en 1994 y el Premio Pr\u00edncipe de Asturias de las Letras, en 1986, entre otros, Vargas Llosa anticip\u00f3 que antes de su pr\u00f3xima novela, en abril pr\u00f3ximo saldr\u00e1 a la venta en Espa\u00f1a \u00abLa civilizaci\u00f3n del espect\u00e1culo\u00bb.<\/span><\/p>\n<\/p>\n<p><span class=\"text1noticias\">Seg\u00fan dijo, la publicaci\u00f3n es un ensayo que recoge sus preocupaciones sobre la frivolidad de la cultura y el avance del espect\u00e1culo.<\/span><\/p>\n<\/p>\n<p><span class=\"text1noticias\">Vargas Llosa pronunci\u00f3 una ponencia dedicada a Edwards en la que devel\u00f3 an\u00e9cdotas personales.<\/span><\/p>\n<\/p>\n<p><span class=\"text1noticias\">Mario Vargas Llosa asegur\u00f3 que los intelectuales europeos de la actualidad tienen una concepci\u00f3n de Am\u00e9rica Latina menos discriminatoria que los pensadores socialdem\u00f3cratas de la segunda mitad del siglo XX.<\/span><\/p>\n<\/p>\n<p><span class=\"text1noticias\">\u00abCreo que los intelectuales europeos ven a Am\u00e9rica Latina con otros ojos, de una manera menos discriminatoria que en el pasado\u00bb, se\u00f1al\u00f3 \u00abMuchos intelectuales eran muy cr\u00edticos con la Uni\u00f3n Sovi\u00e9tica, con China, que hab\u00edan criticado la revoluci\u00f3n cultural, sin embargo para Am\u00e9rica Latina mostraban una complacencia extraordinaria con el r\u00e9gimen cubano\u00bb, record\u00f3 Vargas Llosa, quien agreg\u00f3 que en esos pensamientos exist\u00eda un \u00abprofundo racismo\u00bb.(AD)<\/span>.<\/p>\n<h6> 2012-03-18 20:54:23 <\/h6>\n<p><!--\n<link rel=\"stylesheet\" href=\"css\/bootstrap.min.css\">\n\n\n<ul class=\"pagination\">\n\t    \n\t\n\n<li >\n\t<a href='?page_no=17734'>Previous<\/a>\n\t<\/li>\n\n\n       \n    \n\n<li><a href='?page_no=1'>1<\/a><\/li>\n\n\n\n<li><a href='?page_no=2'>2<\/a><\/li>\n\n\n\n<li><a>...<\/a><\/li>\n\n\n\n<li><a href='?page_no=17733'>17733<\/a><\/li>\n\n\n\n<li><a href='?page_no=17734'>17734<\/a><\/li>\n\n\n\n<li class='active'><a>17735<\/a><\/li>\n\n\n\n<li><a href='?page_no=17736'>17736<\/a><\/li>\n\n\n\n<li><a href='?page_no=17737'>17737<\/a><\/li>\n\n\n\n<li><a>...<\/a><\/li>\n\n\n\n<li><a href='?page_no=22911'>22911<\/a><\/li>\n\n\n\n<li><a href='?page_no=22912'>22912<\/a><\/li>\n\n    \n\t\n\n<li >\n\t<a href='?page_no=17736'>Next<\/a>\n\t<\/li>\n\n\n    \n\n<li><a href='?page_no=22912'>Last &rsaquo;&rsaquo;<\/a><\/li>\n\n<\/ul>\n\n\n--><br \/>\n<\/body><\/p>\n","protected":false},"excerpt":{"rendered":"<p>Santiago de Chile, 18 marzo (4:51 pm).- El flamante premio Nobel de literatura, Mario Vargas Llosa, que se encuentra en la capital chilena como invitado de honor al 80 cumplea\u00f1os del escritor chileno Jorge Edwards, asegur\u00f3 que su pr\u00f3xima novela saldr\u00e1 a la venta el pr\u00f3ximo a\u00f1o. \u00abSer\u00e1 la primera en publicarse tras recibir el [&hellip;]<\/p>\n","protected":false},"author":3,"featured_media":0,"comment_status":"open","ping_status":"open","sticky":false,"template":"","format":"standard","meta":{"footnotes":""},"categories":[21],"tags":[],"class_list":["post-66057","post","type-post","status-publish","format-standard","hentry","category-cultura"],"_links":{"self":[{"href":"https:\/\/diariodominicano.com\/index.php?rest_route=\/wp\/v2\/posts\/66057","targetHints":{"allow":["GET"]}}],"collection":[{"href":"https:\/\/diariodominicano.com\/index.php?rest_route=\/wp\/v2\/posts"}],"about":[{"href":"https:\/\/diariodominicano.com\/index.php?rest_route=\/wp\/v2\/types\/post"}],"author":[{"embeddable":true,"href":"https:\/\/diariodominicano.com\/index.php?rest_route=\/wp\/v2\/users\/3"}],"replies":[{"embeddable":true,"href":"https:\/\/diariodominicano.com\/index.php?rest_route=%2Fwp%2Fv2%2Fcomments&post=66057"}],"version-history":[{"count":0,"href":"https:\/\/diariodominicano.com\/index.php?rest_route=\/wp\/v2\/posts\/66057\/revisions"}],"wp:attachment":[{"href":"https:\/\/diariodominicano.com\/index.php?rest_route=%2Fwp%2Fv2%2Fmedia&parent=66057"}],"wp:term":[{"taxonomy":"category","embeddable":true,"href":"https:\/\/diariodominicano.com\/index.php?rest_route=%2Fwp%2Fv2%2Fcategories&post=66057"},{"taxonomy":"post_tag","embeddable":true,"href":"https:\/\/diariodominicano.com\/index.php?rest_route=%2Fwp%2Fv2%2Ftags&post=66057"}],"curies":[{"name":"wp","href":"https:\/\/api.w.org\/{rel}","templated":true}]}}