{"id":66056,"date":"2012-03-18T20:59:19","date_gmt":"2012-03-18T20:59:19","guid":{"rendered":"http:\/\/diariodominicano.ddns.net\/?p=66056"},"modified":"2012-03-18T20:59:19","modified_gmt":"2012-03-18T20:59:19","slug":"san-benito-y-el-baile-de-la-comarca","status":"publish","type":"post","link":"https:\/\/diariodominicano.com\/?p=66056","title":{"rendered":"San Benito y el baile de la comarca"},"content":{"rendered":"<p><body><\/p>\n<p><span class=\"text1noticias\">Guayabal, Azua, RD 18 mRZO (5:00 PM).- El mes de marzo est\u00e1 consagrado a una de las manifestaciones de la religiosidad popular m\u00e1s bellas que se practica en esta comunidad y en la que participan ni\u00f1os, j\u00f3venes y adultos: la veneraci\u00f3n a San Benito.<\/span><\/p>\n<p><span class=\"text1noticias\"> <\/span><\/p>\n<p><span class=\"text1noticias\">Desde el 3 de marzo comienzan los preparativos de esta ceremonia que incluye la decoraci\u00f3n del calvario, comida, m\u00fasica y baile.<\/span><\/p>\n<p><span class=\"text1noticias\"> <\/span><\/p>\n<p><span class=\"text1noticias\">La comarca es un complejo donde varios elementos confluyen y giran alrededor de San Benito. Consiste en una novena que al concluir, a ritmo de toques de palos y m\u00fasica interpretada por el perico ripiao en la fiesta de los devotos, levantan los santos del altar, los bailan y luego salen a darles un paseo que incluye lugares sagrados, como el Gajo de la Cruz, que est\u00e1 en la loma Gajo Alto, a unos 1,000 metros de altura y de donde se divisa el poblado.<\/span><\/p>\n<p><span class=\"text1noticias\"> <\/span><\/p>\n<p><span class=\"text1noticias\">Un grupo sube en penitencia para orar por los fieles cristianos, por el que cree y no cree, \u00abpidi\u00e9ndole al Se\u00f1or Jes\u00fas y a nuestra Madre Sant\u00edsima por la paz de los cristianos\u00bb.<\/span><\/p>\n<p><span class=\"text1noticias\"> <\/span><\/p>\n<p><span class=\"text1noticias\">All\u00ed estar\u00e1n por una hora u hora y media m\u00e1s o menos y luego se reinicia el recorrido por algunas casas de los miembros devotos de la cofrad\u00eda para terminar en el calvario, que es la enramada donde permanecen los santos.<\/span><\/p>\n<p><span class=\"text1noticias\"> <\/span><\/p>\n<p><span class=\"text1noticias\">\u00a1Levanten los santos y v\u00e1monos,<\/span><\/p>\n<p><span class=\"text1noticias\">Vamos al calvario \u00a1ay v\u00e1monos! <\/span><\/p>\n<p><span class=\"text1noticias\">Digan Dios te salve y v\u00e1monos <\/span><\/p>\n<p><span class=\"text1noticias\">Levanten los santos y v\u00e1monos <\/span><\/p>\n<p><span class=\"text1noticias\"> <\/span><\/p>\n<p><span class=\"text1noticias\">Son c\u00e1nticos de alabanza que interpretan los devotos de San Benito y los santos amigos cuando bajan de la loma Gajo Alto, en esta comunidad lejana de la Capital, pero muy cerca del cielo.<\/span><\/p>\n<p><span class=\"text1noticias\"> <\/span><\/p>\n<p><span class=\"text1noticias\">Amalfi Montilla, por herencia, es la due\u00f1a del santo y es la responsable de que todo marche bien durante esos d\u00edas donde se integran devotos que veneran esa tradici\u00f3n y que cumplen promesas. Antes, la responsable de la fiesta era Mar\u00eda Altagracia Mata Romero (Tag\u00f3).<\/span><\/p>\n<p><span class=\"text1noticias\"> <\/span><\/p>\n<p><span class=\"text1noticias\">Decoraci\u00f3n<\/span><\/p>\n<p><span class=\"text1noticias\">La ermita est\u00e1 adornada con banderas multicolores.<\/span><\/p>\n<p><span class=\"text1noticias\"> <\/span><\/p>\n<p><span class=\"text1noticias\">Pertenecen a los abanderados, que son personas que traen pa\u00f1uelos y los donan al altar por su salud. Las colocan en el techo con sus respectivos nombres y solo las bajaban en la fiesta del Esp\u00edritu Santo, dice Johnny Herrera, hijo del acordeonista Nieves Cuello, que muri\u00f3 hace varios a\u00f1os y que fue sustituido por el m\u00fasico Porfirio Valenzuela, alias Vida, que toca, adem\u00e1s de la comarca, el baile de las flores y en otros entornos carabin\u00e9, mangulina, pambiche y guaracha.<\/span><\/p>\n<p><span class=\"text1noticias\"> <\/span><\/p>\n<p><span class=\"text1noticias\">La m\u00fasica y baile de la comarca se toca con g\u00fcira, tambora, acorde\u00f3n y marimba y por el contenido de las letras de sus c\u00e1nticos orientadas a la virgen, la coreograf\u00eda del baile y los pasos y movimientos del cuerpo de las parejas, podr\u00eda considerarse que tiene elementos hisp\u00e1nicos. <\/span><\/p>\n<p><span class=\"text1noticias\"> <\/span><\/p>\n<p><span class=\"text1noticias\">\u00a1Viva Dios, viva Mar\u00eda y viva el Esp\u00edritu Santo <\/span><\/p>\n<p><span class=\"text1noticias\">\u00c1ngeles y serafines dicen santo, santo, santo <\/span><\/p>\n<p><span class=\"text1noticias\">Aaaa, aaaa, aaaa <\/span><\/p>\n<p><span class=\"text1noticias\">Una, una, una y una <\/span><\/p>\n<p><span class=\"text1noticias\">Una, una y otra vez <\/span><\/p>\n<p><span class=\"text1noticias\">Yo te estoy llamando como la primera vez <\/span><\/p>\n<p><span class=\"text1noticias\"> <\/span><\/p>\n<p><span class=\"text1noticias\">Seg\u00fan Herm\u00f3genes Ram\u00edrez, propietario del hotel Comedor Nuevo Amanecer, en Padre Las Casas, cuando estaba peque\u00f1o lo obligaban a bailar los santos, tom\u00e1ndolos en sus manos.<\/span><\/p>\n<p><span class=\"text1noticias\"> <\/span><\/p>\n<p><span class=\"text1noticias\">\u00abEra la fiesta m\u00e1s grande y ven\u00eda gente de todo el pa\u00eds\u00bb, dice.<\/span><\/p>\n<p><span class=\"text1noticias\"> <\/span><\/p>\n<p><span class=\"text1noticias\">F\u00e9lix Morillo, uno de los organizadores, de 73 a\u00f1os, dice que desde que tiene uso de raz\u00f3n est\u00e1 participando en la comarca, al igual que do\u00f1a Lela Morillo, que es parte vital de esta celebraci\u00f3n.<\/span><\/p>\n<p><span class=\"text1noticias\"> <\/span><\/p>\n<p><span class=\"text1noticias\">Una fiesta tradicional de santos amigos<\/span><\/p>\n<p><span class=\"text1noticias\">Cuentan algunos lugare\u00f1os de la comunidad que la efigie de San Benito la trajo de Venezuela un amigo de Tag\u00f3, \u00abporque con ese era que sonaba todos los d\u00edas\u00bb.<\/span><\/p>\n<p><span class=\"text1noticias\"> <\/span><\/p>\n<p><span class=\"text1noticias\">Antes de traerlo, el baile se hac\u00eda el 13 de junio con San Antonio y Nieve trajo el Esp\u00edritu Santo del Batey de San Juan de la Maguana, por lo que esta celebraci\u00f3n es de santos amigos, donde tambi\u00e9n bailan a San Mart\u00edn y San Gregorio.<\/span><\/p>\n<p><span class=\"text1noticias\"> <\/span><\/p>\n<p><span class=\"text1noticias\">Seg\u00fan el Atlas de Tradiciones Venezolanas, \u00aben Venezuela San Benito es objeto de una de las m\u00e1s firmes devociones cristianas que se festejan durante los \u00faltimos meses del a\u00f1o\u00bb.<\/span><\/p>\n<p><span class=\"text1noticias\"> <\/span><\/p>\n<p><span class=\"text1noticias\">\u00abEste culto de car\u00e1cter religioso- profano se ha ido difundiendo en tres estados del pa\u00eds, adquiriendo particularidades propias en cada regi\u00f3n\u00bb.(AD)<\/span>.<\/p>\n<\/p>\n<h6> 2012-03-18 20:59:19 <\/h6>\n<p><!--\n<link rel=\"stylesheet\" href=\"css\/bootstrap.min.css\">\n\n\n<ul class=\"pagination\">\n\t    \n\t\n\n<li >\n\t<a href='?page_no=17733'>Previous<\/a>\n\t<\/li>\n\n\n       \n    \n\n<li><a href='?page_no=1'>1<\/a><\/li>\n\n\n\n<li><a href='?page_no=2'>2<\/a><\/li>\n\n\n\n<li><a>...<\/a><\/li>\n\n\n\n<li><a href='?page_no=17732'>17732<\/a><\/li>\n\n\n\n<li><a href='?page_no=17733'>17733<\/a><\/li>\n\n\n\n<li class='active'><a>17734<\/a><\/li>\n\n\n\n<li><a href='?page_no=17735'>17735<\/a><\/li>\n\n\n\n<li><a href='?page_no=17736'>17736<\/a><\/li>\n\n\n\n<li><a>...<\/a><\/li>\n\n\n\n<li><a href='?page_no=22911'>22911<\/a><\/li>\n\n\n\n<li><a href='?page_no=22912'>22912<\/a><\/li>\n\n    \n\t\n\n<li >\n\t<a href='?page_no=17735'>Next<\/a>\n\t<\/li>\n\n\n    \n\n<li><a href='?page_no=22912'>Last &rsaquo;&rsaquo;<\/a><\/li>\n\n<\/ul>\n\n\n--><br \/>\n<\/body><\/p>\n","protected":false},"excerpt":{"rendered":"<p>Guayabal, Azua, RD 18 mRZO (5:00 PM).- El mes de marzo est\u00e1 consagrado a una de las manifestaciones de la religiosidad popular m\u00e1s bellas que se practica en esta comunidad y en la que participan ni\u00f1os, j\u00f3venes y adultos: la veneraci\u00f3n a San Benito. Desde el 3 de marzo comienzan los preparativos de esta ceremonia [&hellip;]<\/p>\n","protected":false},"author":3,"featured_media":0,"comment_status":"open","ping_status":"open","sticky":false,"template":"","format":"standard","meta":{"footnotes":""},"categories":[21],"tags":[],"class_list":["post-66056","post","type-post","status-publish","format-standard","hentry","category-cultura"],"_links":{"self":[{"href":"https:\/\/diariodominicano.com\/index.php?rest_route=\/wp\/v2\/posts\/66056","targetHints":{"allow":["GET"]}}],"collection":[{"href":"https:\/\/diariodominicano.com\/index.php?rest_route=\/wp\/v2\/posts"}],"about":[{"href":"https:\/\/diariodominicano.com\/index.php?rest_route=\/wp\/v2\/types\/post"}],"author":[{"embeddable":true,"href":"https:\/\/diariodominicano.com\/index.php?rest_route=\/wp\/v2\/users\/3"}],"replies":[{"embeddable":true,"href":"https:\/\/diariodominicano.com\/index.php?rest_route=%2Fwp%2Fv2%2Fcomments&post=66056"}],"version-history":[{"count":0,"href":"https:\/\/diariodominicano.com\/index.php?rest_route=\/wp\/v2\/posts\/66056\/revisions"}],"wp:attachment":[{"href":"https:\/\/diariodominicano.com\/index.php?rest_route=%2Fwp%2Fv2%2Fmedia&parent=66056"}],"wp:term":[{"taxonomy":"category","embeddable":true,"href":"https:\/\/diariodominicano.com\/index.php?rest_route=%2Fwp%2Fv2%2Fcategories&post=66056"},{"taxonomy":"post_tag","embeddable":true,"href":"https:\/\/diariodominicano.com\/index.php?rest_route=%2Fwp%2Fv2%2Ftags&post=66056"}],"curies":[{"name":"wp","href":"https:\/\/api.w.org\/{rel}","templated":true}]}}