{"id":66055,"date":"2012-03-19T13:39:18","date_gmt":"2012-03-19T13:39:18","guid":{"rendered":"http:\/\/diariodominicano.ddns.net\/?p=66055"},"modified":"2012-03-19T13:39:18","modified_gmt":"2012-03-19T13:39:18","slug":"ministro-de-cultura-preside-primera-reunion-consejo-directivo-del-agn","status":"publish","type":"post","link":"https:\/\/diariodominicano.com\/?p=66055","title":{"rendered":"Ministro de Cultura preside primera reuni\u00f3n Consejo Directivo del AGN"},"content":{"rendered":"<p><body><\/p>\n<p><img decoding=\"async\" src=\"img3\/Cede minist Cultura.jpg\" \/>  <\/p>\n<p><span class=\"text1noticias\">9:35 am, Santo Domingo, RD, 19 marzo.-   El ministro de Cultura, Jos\u00e9 Rafael Lantigua, presidi\u00f3 la primera reuni\u00f3n del Consejo Directivo del Archivo General de la Naci\u00f3n que se celebr\u00f3 el pasado  lunes  en la sede de ese organismo, en la que se tomaron importantes decisiones para la preservaci\u00f3n de la memoria hist\u00f3rica dominicana.<\/span><\/p>\n<p><span class=\"text1noticias\">\t<\/span><\/p>\n<p><span class=\"text1noticias\">Se acord\u00f3 proponer al Poder Ejecutivo la creaci\u00f3n de archivos regionales, empezando por las ciudades de Santiago de los Caballeros, San Francisco de Macor\u00eds y San Juan de la Maguana, y se puso de relieve la importancia  de los documentos electr\u00f3nicos y digitales por lo que el AGN y la Oficina Presidencial de Tecnolog\u00edas de la Informaci\u00f3n y Comunicaci\u00f3n, OPTIC, elaborar\u00e1n un documento  a fin de establecer normativas para la utilizaci\u00f3n y conservaci\u00f3n de este acervo con vistas a ser integrado al Sistema Nacional de Archivos.<\/span><\/p>\n<\/p>\n<p><span class=\"text1noticias\">\tTambi\u00e9n se crearon una Junta de Coordinaci\u00f3n T\u00e9cnica y una Comisi\u00f3n de Evaluaci\u00f3n y Acceso de Fondos Documentales, la primera trazar\u00e1 pol\u00edticas t\u00e9cnicas dentro del criterio de centralizaci\u00f3n normativa de los archivos del pa\u00eds y la otra ser\u00e1 responsable de valorar el proceso vital de los documentos con fines de traslado o destrucci\u00f3n, se explic\u00f3 en una nota del AGN.<\/span><\/p>\n<p><span class=\"text1noticias\">\t<\/span><\/p>\n<p><span class=\"text1noticias\">\tRoberto Cass\u00e1, director del Archivo, ofreci\u00f3 un informe  del trabajo realizado por la instituci\u00f3n durante su gesti\u00f3n.<\/span><\/p>\n<\/p>\n<p><span class=\"text1noticias\">\tEstuvieron presentes, adem\u00e1s, Frank Moya Pons, presidente de la Academia Dominicana de la Historia; Jos\u00e9 Luis S\u00e1ez, director del Archivo Hist\u00f3rico de la Arquidi\u00f3cesis de Santo Domingo; Alejandro Paulino Ramos, subdirector ejecutivo del AGN, designado secretario ex oficio; Domingo Tav\u00e1rez, director de la Oficina Presidencial de Tecnolog\u00edas de la Informaci\u00f3n y Comunicaci\u00f3n, OPTIC; Carmen Beatriz Rodr\u00edguez, secretaria general del Banco Central.<\/span><\/p>\n<p><span class=\"text1noticias\">\t<\/span><\/p>\n<p><span class=\"text1noticias\">\tAsistieron como invitados Mercedes Morales, directora del archivo de la Casa Vicini, designada  representante de los archivos privados y Pablo Rodr\u00edguez, encargado del Archivo Central de la Universidad Aut\u00f3noma de Santo Domingo, designado  representante de una instituci\u00f3n docente archiv\u00edstica. Tambi\u00e9n Ana F\u00e9lix, \u00c1ngel Hern\u00e1ndez y Noem\u00ed Calder\u00f3n, ejecutivos del AGN<\/span>.<\/p>\n<\/p>\n<h6> 2012-03-19 13:39:18 <\/h6>\n<p><!--\n<link rel=\"stylesheet\" href=\"css\/bootstrap.min.css\">\n\n\n<ul class=\"pagination\">\n\t    \n\t\n\n<li >\n\t<a href='?page_no=17732'>Previous<\/a>\n\t<\/li>\n\n\n       \n    \n\n<li><a href='?page_no=1'>1<\/a><\/li>\n\n\n\n<li><a href='?page_no=2'>2<\/a><\/li>\n\n\n\n<li><a>...<\/a><\/li>\n\n\n\n<li><a href='?page_no=17731'>17731<\/a><\/li>\n\n\n\n<li><a href='?page_no=17732'>17732<\/a><\/li>\n\n\n\n<li class='active'><a>17733<\/a><\/li>\n\n\n\n<li><a href='?page_no=17734'>17734<\/a><\/li>\n\n\n\n<li><a href='?page_no=17735'>17735<\/a><\/li>\n\n\n\n<li><a>...<\/a><\/li>\n\n\n\n<li><a href='?page_no=22911'>22911<\/a><\/li>\n\n\n\n<li><a href='?page_no=22912'>22912<\/a><\/li>\n\n    \n\t\n\n<li >\n\t<a href='?page_no=17734'>Next<\/a>\n\t<\/li>\n\n\n    \n\n<li><a href='?page_no=22912'>Last &rsaquo;&rsaquo;<\/a><\/li>\n\n<\/ul>\n\n\n--><br \/>\n<\/body><\/p>\n","protected":false},"excerpt":{"rendered":"<p>9:35 am, Santo Domingo, RD, 19 marzo.- El ministro de Cultura, Jos\u00e9 Rafael Lantigua, presidi\u00f3 la primera reuni\u00f3n del Consejo Directivo del Archivo General de la Naci\u00f3n que se celebr\u00f3 el pasado lunes en la sede de ese organismo, en la que se tomaron importantes decisiones para la preservaci\u00f3n de la memoria hist\u00f3rica dominicana. Se [&hellip;]<\/p>\n","protected":false},"author":3,"featured_media":0,"comment_status":"open","ping_status":"open","sticky":false,"template":"","format":"standard","meta":{"footnotes":""},"categories":[21],"tags":[],"class_list":["post-66055","post","type-post","status-publish","format-standard","hentry","category-cultura"],"_links":{"self":[{"href":"https:\/\/diariodominicano.com\/index.php?rest_route=\/wp\/v2\/posts\/66055","targetHints":{"allow":["GET"]}}],"collection":[{"href":"https:\/\/diariodominicano.com\/index.php?rest_route=\/wp\/v2\/posts"}],"about":[{"href":"https:\/\/diariodominicano.com\/index.php?rest_route=\/wp\/v2\/types\/post"}],"author":[{"embeddable":true,"href":"https:\/\/diariodominicano.com\/index.php?rest_route=\/wp\/v2\/users\/3"}],"replies":[{"embeddable":true,"href":"https:\/\/diariodominicano.com\/index.php?rest_route=%2Fwp%2Fv2%2Fcomments&post=66055"}],"version-history":[{"count":0,"href":"https:\/\/diariodominicano.com\/index.php?rest_route=\/wp\/v2\/posts\/66055\/revisions"}],"wp:attachment":[{"href":"https:\/\/diariodominicano.com\/index.php?rest_route=%2Fwp%2Fv2%2Fmedia&parent=66055"}],"wp:term":[{"taxonomy":"category","embeddable":true,"href":"https:\/\/diariodominicano.com\/index.php?rest_route=%2Fwp%2Fv2%2Fcategories&post=66055"},{"taxonomy":"post_tag","embeddable":true,"href":"https:\/\/diariodominicano.com\/index.php?rest_route=%2Fwp%2Fv2%2Ftags&post=66055"}],"curies":[{"name":"wp","href":"https:\/\/api.w.org\/{rel}","templated":true}]}}