{"id":66054,"date":"2012-03-19T17:45:41","date_gmt":"2012-03-19T17:45:41","guid":{"rendered":"http:\/\/diariodominicano.ddns.net\/?p=66054"},"modified":"2012-03-19T17:45:41","modified_gmt":"2012-03-19T17:45:41","slug":"cultura-inaugura-nuevas-oficinas-de-cenacod","status":"publish","type":"post","link":"https:\/\/diariodominicano.com\/?p=66054","title":{"rendered":"Cultura inaugura nuevas oficinas de CENACOD&#13;"},"content":{"rendered":"<p><body><\/p>\n<p><img decoding=\"async\" src=\"img3\/cultura inaugura.jpg\" \/>  <\/p>\n<p><span class=\"text1noticias\">1:45 am, Santo Domingo, RD, 19 marzo.- El Ministerio de Cultura (MINC) inaugur\u00f3 hoy las nuevas instalaciones del Centro Nacional de Conservaci\u00f3n de Obras de Arte y Documentos (CENACOD), ubicadas dentro del recinto del Archivo General de la Naci\u00f3n, en el marco del 37 aniversario de su fundaci\u00f3n.<\/span><\/p>\n<\/p>\n<p><span class=\"text1noticias\">El acto de apertura estuvo encabezado por Jos\u00e9 Rafael Lantigua, Ministro de Cultura, Nereida Lahit-Bignott, Directora Nacional de CENACOD, Edda Grull\u00f3n, Directora de Patrimonio Monumental, el doctor El\u00edas Wessin Ch\u00e1vez, Administrador General de Bienes Nacionales y la artista pl\u00e1stica Elsa N\u00fa\u00f1ez, entre otras personalidades.<\/span><\/p>\n<\/p>\n<p><span class=\"text1noticias\">La bendici\u00f3n de las nuevas instalaciones de la entidad estuvo a cargo del sacerdote Pedro Alejandro Batista, de la Parroquia Nuestra Se\u00f1ora del Rosario, del municipio de Moca.<\/span><\/p>\n<\/p>\n<p><span class=\"text1noticias\">Las palabras de apertura fueron pronunciadas por Lantigua quien expres\u00f3 que la ocasi\u00f3n era de gran importancia para el MINC y para la conservaci\u00f3n y restauraci\u00f3n de documentos en el pa\u00eds.<\/span><\/p>\n<\/p>\n<p><span class=\"text1noticias\">Dijo que CENACOD es una de las entidades que ha tenido mayor crecimiento por la calidad del trabajo que realiza y por el c\u00famulo de acciones que ejecuta a trav\u00e9s de la recuperaci\u00f3n de documentos en sentido general.<\/span><\/p>\n<\/p>\n<p><span class=\"text1noticias\">\u00abHoy reinauguramos con fondos propios este proyecto, siendo una de las pocas entidades del Sistema Nacional de Cultura que crece con fondos propios y brinda un invaluable servicio a la sociedad\u00bb, expres\u00f3 el ministro.<\/span><\/p>\n<\/p>\n<p><span class=\"text1noticias\">Durante el encuentro, tambi\u00e9n hicieron uso de la palabra la Directora del Centro Nacional de Conservaci\u00f3n de Obras de Arte y Documentos y el Administrador de Bienes Nacionales, quienes destacaron el valor del CENACOD y los servicios que ofrece la instituci\u00f3n.<\/span><\/p>\n<\/p>\n<p><span class=\"text1noticias\">La nueva infraestructura incorpora todo el material y la dotaci\u00f3n tecnol\u00f3gica necesarios para conservaci\u00f3n y restauraci\u00f3n de bienes patrimoniales como son libros, revistas, peri\u00f3dicos, documentos y diferentes obras de arte.<\/span><\/p>\n<\/p>\n<p><span class=\"text1noticias\">Del mismo modo, dispone de laboratorios especializados y un equipo interdisciplinario de profesionales para realizar pruebas f\u00edsicas, qu\u00edmicas y biol\u00f3gicas en papel y otros soportes de los bienes tratados por la entidad.<\/span><\/p>\n<\/p>\n<p><span class=\"text1noticias\">Adem\u00e1s de la actividad de preservaci\u00f3n y recuperaci\u00f3n de bienes patrimoniales muebles, el nuevo centro brinda asesor\u00edas especializadas en conservaci\u00f3n preventiva, investigaci\u00f3n, conservaci\u00f3n y restauraci\u00f3n del patrimonio cultural, art\u00edstico y bibliogr\u00e1fico en todo el pa\u00eds y ofrece servicios de evaluaci\u00f3n de espacios y estudios de las condiciones f\u00edsico-ambientales.<\/span><\/p>\n<\/p>\n<p><span class=\"text1noticias\">Los objetivos de CENACOD son contribuir a la preservaci\u00f3n y conservaci\u00f3n de los bienes patrimoniales muebles de Rep\u00fablica Dominicana, adiestrar el personal sobre las t\u00e9cnicas modernas para la conservaci\u00f3n, restauraci\u00f3n, microfilmaci\u00f3n y digitalizaci\u00f3n de documentos, libros y fotograf\u00edas, y ofrecer servicios de asistencia t\u00e9cnica a instituciones p\u00fablicas, privadas y p\u00fablico en general<\/span>.<\/p>\n<h6> 2012-03-19 17:45:41 <\/h6>\n<p><!--\n<link rel=\"stylesheet\" href=\"css\/bootstrap.min.css\">\n\n\n<ul class=\"pagination\">\n\t    \n\t\n\n<li >\n\t<a href='?page_no=17731'>Previous<\/a>\n\t<\/li>\n\n\n       \n    \n\n<li><a href='?page_no=1'>1<\/a><\/li>\n\n\n\n<li><a href='?page_no=2'>2<\/a><\/li>\n\n\n\n<li><a>...<\/a><\/li>\n\n\n\n<li><a href='?page_no=17730'>17730<\/a><\/li>\n\n\n\n<li><a href='?page_no=17731'>17731<\/a><\/li>\n\n\n\n<li class='active'><a>17732<\/a><\/li>\n\n\n\n<li><a href='?page_no=17733'>17733<\/a><\/li>\n\n\n\n<li><a href='?page_no=17734'>17734<\/a><\/li>\n\n\n\n<li><a>...<\/a><\/li>\n\n\n\n<li><a href='?page_no=22911'>22911<\/a><\/li>\n\n\n\n<li><a href='?page_no=22912'>22912<\/a><\/li>\n\n    \n\t\n\n<li >\n\t<a href='?page_no=17733'>Next<\/a>\n\t<\/li>\n\n\n    \n\n<li><a href='?page_no=22912'>Last &rsaquo;&rsaquo;<\/a><\/li>\n\n<\/ul>\n\n\n--><br \/>\n<\/body><\/p>\n","protected":false},"excerpt":{"rendered":"<p>1:45 am, Santo Domingo, RD, 19 marzo.- El Ministerio de Cultura (MINC) inaugur\u00f3 hoy las nuevas instalaciones del Centro Nacional de Conservaci\u00f3n de Obras de Arte y Documentos (CENACOD), ubicadas dentro del recinto del Archivo General de la Naci\u00f3n, en el marco del 37 aniversario de su fundaci\u00f3n. El acto de apertura estuvo encabezado por [&hellip;]<\/p>\n","protected":false},"author":3,"featured_media":0,"comment_status":"open","ping_status":"open","sticky":false,"template":"","format":"standard","meta":{"footnotes":""},"categories":[21],"tags":[],"class_list":["post-66054","post","type-post","status-publish","format-standard","hentry","category-cultura"],"_links":{"self":[{"href":"https:\/\/diariodominicano.com\/index.php?rest_route=\/wp\/v2\/posts\/66054","targetHints":{"allow":["GET"]}}],"collection":[{"href":"https:\/\/diariodominicano.com\/index.php?rest_route=\/wp\/v2\/posts"}],"about":[{"href":"https:\/\/diariodominicano.com\/index.php?rest_route=\/wp\/v2\/types\/post"}],"author":[{"embeddable":true,"href":"https:\/\/diariodominicano.com\/index.php?rest_route=\/wp\/v2\/users\/3"}],"replies":[{"embeddable":true,"href":"https:\/\/diariodominicano.com\/index.php?rest_route=%2Fwp%2Fv2%2Fcomments&post=66054"}],"version-history":[{"count":0,"href":"https:\/\/diariodominicano.com\/index.php?rest_route=\/wp\/v2\/posts\/66054\/revisions"}],"wp:attachment":[{"href":"https:\/\/diariodominicano.com\/index.php?rest_route=%2Fwp%2Fv2%2Fmedia&parent=66054"}],"wp:term":[{"taxonomy":"category","embeddable":true,"href":"https:\/\/diariodominicano.com\/index.php?rest_route=%2Fwp%2Fv2%2Fcategories&post=66054"},{"taxonomy":"post_tag","embeddable":true,"href":"https:\/\/diariodominicano.com\/index.php?rest_route=%2Fwp%2Fv2%2Ftags&post=66054"}],"curies":[{"name":"wp","href":"https:\/\/api.w.org\/{rel}","templated":true}]}}