{"id":660534,"date":"2026-01-16T14:28:50","date_gmt":"2026-01-16T18:28:50","guid":{"rendered":"https:\/\/diariodominicano.com\/?p=660534"},"modified":"2026-01-16T14:28:52","modified_gmt":"2026-01-16T18:28:52","slug":"para-los-cambios-que-necesitamos-militantes-sociales","status":"publish","type":"post","link":"https:\/\/diariodominicano.com\/?p=660534","title":{"rendered":"Para los cambios que necesitamos, militantes sociales"},"content":{"rendered":"\n<p>Por Ram\u00f3n Antonio Veras<\/p>\n\n\n\n<p>1.- En ning\u00fan pa\u00eds del mundo la fortaleza de \u00e1nimo en las masas populares para aguantar las adversidades dura para siempre. El aguante tiene sus l\u00edmites.<\/p>\n\n\n\n<p>2.- En muchas ocasiones, el nivel de conciencia pol\u00edtica se\u00f1ala la resistencia o intolerancia de una comunidad v\u00edctima de la opresi\u00f3n material y espiritual.<\/p>\n\n\n\n<p>3.- Lo que est\u00e1 predominando en el ambiente dominicano, en el orden de lucha social, es la pasividad, la despreocupaci\u00f3n y la notoria inacci\u00f3n.<\/p>\n\n\n\n<p>4.- Partiendo de su quietud, la gente del pueblo humilde luce que recibe con placer la situaci\u00f3n de desgracia que padece. Su inmovilidad sorprende.<\/p>\n\n\n\n<p>5.- No debemos hacer caer sobre la gente de a pie la causa de la ausencia de accionar para generar actos que pongan en evidencia el actual orden.<\/p>\n\n\n\n<p>6.- Corresponde a cada hombre o mujer, dependiendo de su sensibilidad y conciencia social, involucrarse en la lucha contra la situaci\u00f3n actual que afecta a la mayor\u00eda de la poblaci\u00f3n dominicana.<\/p>\n\n\n\n<p>7.-&nbsp; No es cuesti\u00f3n de esperar que se levanten los oprimidos contra los opresores. El asunto es interpretar la voluntad de los marginados sociales y marchar, ir hacia adelante.<\/p>\n\n\n\n<p>8.- No disponer de lo indispensable para una existencia digna quita a los pobres hasta el deseo de actuar para cambiar sus condiciones de vida.<\/p>\n\n\n\n<p>9.- La realidad dominicana les exige a amplios sectores de las capas medias que no se limiten a comprobar la paciencia del pueblo llano, su estado de conformidad, sino que se ocupen de romper la resignaci\u00f3n.<\/p>\n\n\n\n<p>10.-&nbsp; Hacer el papel de contemplativo de la realidad nacional es lo mismo que congraciarse, hacerle el juego a los causantes de todos nuestros males.<\/p>\n\n\n\n<p>11.- Permitir que las clases dominantes se aprovechen de la tolerancia, por la ignorancia de nuestro pueblo, es dar rienda suelta a ambiciones desmedidas.<\/p>\n\n\n\n<p>12.- No basta con estar consciente de que una sociedad est\u00e1 organizada de una manera injusta. Lo correcto es enfrentarla, encararla, estar en disposici\u00f3n de combatirla para eliminarla.<\/p>\n\n\n\n<p>13.- Plantar la cara, hacerle frente, desafiar; he ah\u00ed lo que llena de \u00e1nimo y motiva a los humildes a romper el estar a lo que decidan sus adversarios.<\/p>\n\n\n\n<p>14.- No cuadra en la ciudadana o el ciudadano con sensibilidad hacer la funci\u00f3n de observador, estar de curioso, de mir\u00f3n como si fuera guardi\u00e1n de los males sociales.<\/p>\n\n\n\n<p>&nbsp;15.- Cada mujer, todo hombre comprometido con lo mejor de su pa\u00eds, est\u00e1 en el deber de impulsar, hacer de propulsor de los cambios sociales.<\/p>\n\n\n\n<p>16.- Los indispensables para llegar a tener el pa\u00eds que queremos y merecemos son aquellos dispuestos a ligar su destino con el bienestar de su patria, a incentivar los cambios sociales.<\/p>\n","protected":false},"excerpt":{"rendered":"<p>Por Ram\u00f3n Antonio Veras 1.- En ning\u00fan pa\u00eds del mundo la fortaleza de \u00e1nimo en las masas populares para aguantar las adversidades dura para siempre. El aguante tiene sus l\u00edmites. 2.- En muchas ocasiones, el nivel de conciencia pol\u00edtica se\u00f1ala la resistencia o intolerancia de una comunidad v\u00edctima de la opresi\u00f3n material y espiritual. 3.- [&hellip;]<\/p>\n","protected":false},"author":7,"featured_media":654589,"comment_status":"closed","ping_status":"closed","sticky":false,"template":"","format":"standard","meta":{"footnotes":""},"categories":[16],"tags":[426],"class_list":["post-660534","post","type-post","status-publish","format-standard","has-post-thumbnail","hentry","category-opiniones","tag-ramon-antonio-veras"],"_links":{"self":[{"href":"https:\/\/diariodominicano.com\/index.php?rest_route=\/wp\/v2\/posts\/660534","targetHints":{"allow":["GET"]}}],"collection":[{"href":"https:\/\/diariodominicano.com\/index.php?rest_route=\/wp\/v2\/posts"}],"about":[{"href":"https:\/\/diariodominicano.com\/index.php?rest_route=\/wp\/v2\/types\/post"}],"author":[{"embeddable":true,"href":"https:\/\/diariodominicano.com\/index.php?rest_route=\/wp\/v2\/users\/7"}],"replies":[{"embeddable":true,"href":"https:\/\/diariodominicano.com\/index.php?rest_route=%2Fwp%2Fv2%2Fcomments&post=660534"}],"version-history":[{"count":1,"href":"https:\/\/diariodominicano.com\/index.php?rest_route=\/wp\/v2\/posts\/660534\/revisions"}],"predecessor-version":[{"id":660538,"href":"https:\/\/diariodominicano.com\/index.php?rest_route=\/wp\/v2\/posts\/660534\/revisions\/660538"}],"wp:featuredmedia":[{"embeddable":true,"href":"https:\/\/diariodominicano.com\/index.php?rest_route=\/wp\/v2\/media\/654589"}],"wp:attachment":[{"href":"https:\/\/diariodominicano.com\/index.php?rest_route=%2Fwp%2Fv2%2Fmedia&parent=660534"}],"wp:term":[{"taxonomy":"category","embeddable":true,"href":"https:\/\/diariodominicano.com\/index.php?rest_route=%2Fwp%2Fv2%2Fcategories&post=660534"},{"taxonomy":"post_tag","embeddable":true,"href":"https:\/\/diariodominicano.com\/index.php?rest_route=%2Fwp%2Fv2%2Ftags&post=660534"}],"curies":[{"name":"wp","href":"https:\/\/api.w.org\/{rel}","templated":true}]}}