{"id":66051,"date":"2012-03-19T20:33:29","date_gmt":"2012-03-19T20:33:29","guid":{"rendered":"http:\/\/diariodominicano.ddns.net\/?p=66051"},"modified":"2012-03-19T20:33:29","modified_gmt":"2012-03-19T20:33:29","slug":"inafocam-y-la-fundacion-juan-bosch-concluyen-diplomado-en-etica-y-civica","status":"publish","type":"post","link":"https:\/\/diariodominicano.com\/?p=66051","title":{"rendered":"INAFOCAM y la Fundaci\u00f3n Juan Bosch concluyen Diplomado en \u00e9tica y c\u00edvica"},"content":{"rendered":"<p><body><\/p>\n<p><img decoding=\"async\" src=\"img3\/etica.JPG\" \/>  <\/p>\n<p><span class=\"text1noticias\">Rep.Dom, 19 de Marzo 04:35 P.M.-El Instituto Nacional de Formaci\u00f3n y Capacitaci\u00f3n del Magisterio (INAFOCAM) y la Fundaci\u00f3n Juan Bosch concluyeron, este domingo 18 de marzo, la segunda etapa del  Diplomado en \u00c9tica y C\u00edvica para una Ciudadan\u00eda Democr\u00e1tica dirigido a docentes de cuatros regionales de Educaci\u00f3n del Este  del pa\u00eds.<\/span><\/p>\n<\/p>\n<p><span class=\"text1noticias\">En el programa de capacitaci\u00f3n participaron 160 docentes de las regionales de Educaci\u00f3n 04 de San Crist\u00f3bal, 05  de San Pedro de Macor\u00eds, 12 de Higuey y 17 de Monte Plata. <\/span><\/p>\n<\/p>\n<p><span class=\"text1noticias\">Con este grupo, totalizan 360 los docentes capacitados por la Fundaci\u00f3n Juan Bosch  para trabajar la \u00e9tica,  la c\u00edvica y la convivencia democr\u00e1tica con sus alumnos en el aula.<\/span><\/p>\n<\/p>\n<p><span class=\"text1noticias\">La primera etapa correspondi\u00f3 a 200 docentes de la Regi\u00f3n sur del pa\u00eds en donde se encontraban  las regionales 01 de Barahona, 02 de San Juan, 03 de Azua, 18 de Neyba y 10 Bahoruco.<\/span><\/p>\n<\/p>\n<\/p>\n<p><span class=\"text1noticias\">De cada regional han participado 40 docentes de las \u00e1reas de Lengua Espa\u00f1ola, Ciencias Sociales, Orientaci\u00f3n, Formaci\u00f3n Humana, entre otras.  <\/span><\/p>\n<\/p>\n<p><span class=\"text1noticias\">El evento de clausura fue realizado en el sal\u00f3n de acto del Instituto Superior de Formaci\u00f3n Docente Salom\u00e9 Ure\u00f1a ISFODOSU, entidad  que certifica la legitimidad formativa del diplomado.<\/span><\/p>\n<\/p>\n<p><span class=\"text1noticias\">En el acto se presentaron canciones, d\u00e9cimas, trabalenguas y blog interactivo. A trav\u00e9s de estas manifestaciones art\u00edsticas, los docentes expresaron su compromiso para trabajar por el fomento de los valores democr\u00e1ticos, la \u00e9tica, la moral y el civismo desde una perspectiva educativa cr\u00edtica y liberadora de acuerdo al ideario y practica de vida de Eugenio Mar\u00eda de Hostos y  el profesor Juan Bosch. <\/span><\/p>\n<\/p>\n<p><span class=\"text1noticias\">En el acto de clausura estuvieron presentes: Por el INAFOCAM, Miguel \u00c1ngel Moreno, Director de Formaci\u00f3n y Desarrollo; Elsa S\u00e1nchez, Directora de Formaci\u00f3n  Continua y Marcelina Pi\u00f1a del Rosario T\u00e9cnico Docente Nacional y coordinadora del programa por dicha entidad.<\/span><\/p>\n<\/p>\n<\/p>\n<p><span class=\"text1noticias\">Por la Fundaci\u00f3n Juan Bosch estuvieron: Di\u00f3medes N\u00fa\u00f1ez Polanco, vicepresidente ejecutivo y Luis Medrano, coordinador general del programa. El ISFODOSU estuvo representado por su directora acad\u00e9mica, Josefina Mercedes. Tambi\u00e9n asisti\u00f3 Mar\u00eda del Rosario de la Organizaci\u00f3n para el Fomento y Desarrollo del Pensamiento, OFDP.<\/span><\/p>\n<\/p>\n<\/p>\n<p><span class=\"text1noticias\">Por otro lado, el s\u00e1bado 17 de marzo se dio inicio, de manera simult\u00e1nea en las regionales de Educaci\u00f3n 11, 13 y 14, a  la tercera etapa del referido diplomado con la participaci\u00f3n de otros 120  docentes para un total de 480 participantes en el programa formativo.<\/span><\/p>\n<\/p>\n<\/p>\n<p><span class=\"text1noticias\">Esta \u00faltima etapa se estar\u00e1 desarrollando en el periodo marzo-mayo 2012 y al final del mismo quedaran conformados unos 30 c\u00edrculos docentes en formaci\u00f3n continua permanente.<\/span><\/p>\n<\/p>\n<\/p>\n<p><span class=\"text1noticias\">El acto oficial se realiz\u00f3 en el  polit\u00e9cnico Gregorio urbano Gilbert de Puerto Plata, donde acudieron los docentes de la regional <\/span><\/p>\n<\/p>\n<p><span class=\"text1noticias\">11. En este acto participaron Marcelina Pi\u00f1a por el INAFOCAM,  Yelissa D\u00edaz por la Fundaci\u00f3n Juan Bosch y Andr\u00e9s Hern\u00e1ndez, t\u00e9cnico regional, encargado de descentralizaci\u00f3n de dicha regional.  <\/span><\/p>\n<\/p>\n<\/p>\n<p><span class=\"text1noticias\">Tambi\u00e9n se realizaron sendos actos de inicio de la capacitaci\u00f3n en la escuela Mercedes Bello de la regional de Educaci\u00f3n 14 en Nagua y en el colegio San Jos\u00e9 de la regional 13 de Montecristi.<\/span><\/p>\n<\/p>\n<\/p>\n<p><span class=\"text1noticias\">Los organizadores del diplomado aspiran a que los docentes participantes contribuyan formar en los valores \u00e9ticos, c\u00edvicos y democr\u00e1ticos a alrededor de 14,400 alumnos en los centros educativos de donde proceden.(HG)<\/span>.<\/p>\n<h6> 2012-03-19 20:33:29 <\/h6>\n<p><!--\n<link rel=\"stylesheet\" href=\"css\/bootstrap.min.css\">\n\n\n<ul class=\"pagination\">\n\t    \n\t\n\n<li >\n\t<a href='?page_no=17728'>Previous<\/a>\n\t<\/li>\n\n\n       \n    \n\n<li><a href='?page_no=1'>1<\/a><\/li>\n\n\n\n<li><a href='?page_no=2'>2<\/a><\/li>\n\n\n\n<li><a>...<\/a><\/li>\n\n\n\n<li><a href='?page_no=17727'>17727<\/a><\/li>\n\n\n\n<li><a href='?page_no=17728'>17728<\/a><\/li>\n\n\n\n<li class='active'><a>17729<\/a><\/li>\n\n\n\n<li><a href='?page_no=17730'>17730<\/a><\/li>\n\n\n\n<li><a href='?page_no=17731'>17731<\/a><\/li>\n\n\n\n<li><a>...<\/a><\/li>\n\n\n\n<li><a href='?page_no=22911'>22911<\/a><\/li>\n\n\n\n<li><a href='?page_no=22912'>22912<\/a><\/li>\n\n    \n\t\n\n<li >\n\t<a href='?page_no=17730'>Next<\/a>\n\t<\/li>\n\n\n    \n\n<li><a href='?page_no=22912'>Last &rsaquo;&rsaquo;<\/a><\/li>\n\n<\/ul>\n\n\n--><br \/>\n<\/body><\/p>\n","protected":false},"excerpt":{"rendered":"<p>Rep.Dom, 19 de Marzo 04:35 P.M.-El Instituto Nacional de Formaci\u00f3n y Capacitaci\u00f3n del Magisterio (INAFOCAM) y la Fundaci\u00f3n Juan Bosch concluyeron, este domingo 18 de marzo, la segunda etapa del Diplomado en \u00c9tica y C\u00edvica para una Ciudadan\u00eda Democr\u00e1tica dirigido a docentes de cuatros regionales de Educaci\u00f3n del Este del pa\u00eds. En el programa de [&hellip;]<\/p>\n","protected":false},"author":3,"featured_media":0,"comment_status":"open","ping_status":"open","sticky":false,"template":"","format":"standard","meta":{"footnotes":""},"categories":[21],"tags":[],"class_list":["post-66051","post","type-post","status-publish","format-standard","hentry","category-cultura"],"_links":{"self":[{"href":"https:\/\/diariodominicano.com\/index.php?rest_route=\/wp\/v2\/posts\/66051","targetHints":{"allow":["GET"]}}],"collection":[{"href":"https:\/\/diariodominicano.com\/index.php?rest_route=\/wp\/v2\/posts"}],"about":[{"href":"https:\/\/diariodominicano.com\/index.php?rest_route=\/wp\/v2\/types\/post"}],"author":[{"embeddable":true,"href":"https:\/\/diariodominicano.com\/index.php?rest_route=\/wp\/v2\/users\/3"}],"replies":[{"embeddable":true,"href":"https:\/\/diariodominicano.com\/index.php?rest_route=%2Fwp%2Fv2%2Fcomments&post=66051"}],"version-history":[{"count":0,"href":"https:\/\/diariodominicano.com\/index.php?rest_route=\/wp\/v2\/posts\/66051\/revisions"}],"wp:attachment":[{"href":"https:\/\/diariodominicano.com\/index.php?rest_route=%2Fwp%2Fv2%2Fmedia&parent=66051"}],"wp:term":[{"taxonomy":"category","embeddable":true,"href":"https:\/\/diariodominicano.com\/index.php?rest_route=%2Fwp%2Fv2%2Fcategories&post=66051"},{"taxonomy":"post_tag","embeddable":true,"href":"https:\/\/diariodominicano.com\/index.php?rest_route=%2Fwp%2Fv2%2Ftags&post=66051"}],"curies":[{"name":"wp","href":"https:\/\/api.w.org\/{rel}","templated":true}]}}