{"id":660503,"date":"2026-01-16T03:38:41","date_gmt":"2026-01-16T07:38:41","guid":{"rendered":"https:\/\/diariodominicano.com\/?p=660503"},"modified":"2026-01-16T17:26:18","modified_gmt":"2026-01-16T21:26:18","slug":"ministro-de-economia-de-mexico-plantea-prioridad-para-renegociacion-de-t-mec","status":"publish","type":"post","link":"https:\/\/diariodominicano.com\/?p=660503","title":{"rendered":"Ministro de Econom\u00eda de M\u00e9xico plantea prioridad para renegociaci\u00f3n de T-MEC"},"content":{"rendered":"\n<p>CIUDAD DE MEXICO, 15 enero, 2026 (Xinhua) &#8212; Imagen prove\u00edda por la Presidencia de M\u00e9xico de la presidenta mexicana, Claudia Sheinbaum (i-atr\u00e1s), hablando junto al secretario de Econom\u00eda mexicano, Marcelo Ebrard (d-atr\u00e1s), durante su conferencia de prensa matutina, en Palacio Nacional, en la Ciudad de M\u00e9xico, capital de M\u00e9xico, el 15 de enero de 2026. La prioridad mexicana en la renegociaci\u00f3n del Tratado entre M\u00e9xico, Estados Unidos y Canad\u00e1 (T-MEC) de libre comercio que se efectuar\u00e1 a mediados de a\u00f1o es garantizar su continuidad y su fortalecimiento debido a la relevancia que tiene para el desarrollo econ\u00f3mico de la regi\u00f3n, afirm\u00f3 el jueves Ebrard. (Xinhua\/Presidencia de M\u00e9xico)<\/p>\n\n\n\n<p><em>spanish.news.cn<\/em>|<em>&nbsp;2026-01-16 04:27:00<\/em>|<\/p>\n\n\n\n<p>CIUDAD DE MEXICO, 15 enero, 2026 (Xinhua) &#8212; Imagen prove\u00edda por la Presidencia de M\u00e9xico de la presidenta mexicana, Claudia Sheinbaum (i-atr\u00e1s), hablando junto al secretario de Econom\u00eda mexicano, Marcelo Ebrard (d-atr\u00e1s), durante su conferencia de prensa matutina, en Palacio Nacional, en la Ciudad de M\u00e9xico, capital de M\u00e9xico, el 15 de enero de 2026. La prioridad mexicana en la renegociaci\u00f3n del Tratado entre M\u00e9xico, Estados Unidos y Canad\u00e1 (T-MEC) de libre comercio que se efectuar\u00e1 a mediados de a\u00f1o es garantizar su continuidad y su fortalecimiento debido a la relevancia que tiene para el desarrollo econ\u00f3mico de la regi\u00f3n, afirm\u00f3 el jueves Ebrard. (Xinhua\/Presidencia de M\u00e9xico)<\/p>\n\n\n\n<p>M\u00c9XICO, 15 ene (Xinhua) &#8212; La prioridad mexicana en la renegociaci\u00f3n del Tratado entre M\u00e9xico, Estados Unidos y Canad\u00e1 (T-MEC) de libre comercio que se efectuar\u00e1 a mediados de a\u00f1o es garantizar su continuidad y su fortalecimiento debido a la relevancia que tiene para el desarrollo econ\u00f3mico de la regi\u00f3n, afirm\u00f3 hoy el secretario (ministro) de Econom\u00eda mexicano, Marcelo Ebrard.<\/p>\n\n\n\n<p>\u00abQueremos que se mantenga el tratado, ese es nuestro primer objetivo estrat\u00e9gico\u00bb, afirm\u00f3 Ebrard durante la conferencia de prensa diaria del Gobierno de M\u00e9xico que encabeza la presidenta Claudia Sheinbaum desde el Palacio Nacional de la capital mexicana.<\/p>\n\n\n\n<p>El secretario de Econom\u00eda subray\u00f3 que el enfoque del pa\u00eds es defender la permanencia del T-MEC, adem\u00e1s de que ya se llev\u00f3 a cabo una consulta interna, cuyos resultados ser\u00e1n entregados a la presidenta Sheinbaum.<\/p>\n\n\n\n<p>A decir de Ebrard, la estrategia se centrar\u00e1 en tres pilares fundamentales: mantener el sistema de soluci\u00f3n de controversias para evitar decisiones unilaterales contra las industrias nacionales; promover reciprocidad en \u00e1reas clave como la laboral; y asegurar el cumplimiento de las cartas paralelas del tratado, en especial las vinculadas al sector del acero.<\/p>\n\n\n\n<p>\u00abQueremos que el sistema de soluci\u00f3n de controversias siga funcionando y se fortalezca\u00bb, adem\u00e1s de que \u00abestamos planteando tambi\u00e9n que haya reciprocidad o paridad en varios de los mecanismos, por ejemplo en el mecanismo laboral y en otras \u00e1reas en donde nos gustar\u00eda que fuera de esa manera\u00bb, explic\u00f3.<\/p>\n\n\n\n<p>Subray\u00f3 tambi\u00e9n los beneficios que el T-MEC ha generado desde su entrada en vigor en 2020, entre ellos el aumento del comercio trilateral y la creaci\u00f3n de empleos.<\/p>\n\n\n\n<p>El Gobierno mexicano tiene contemplado presentar a finales de enero un documento que resumir\u00e1 los par\u00e1metros de la estrategia de renegociaci\u00f3n, que incluir\u00e1 los avances y la importancia para la estabilidad comercial regional.<\/p>\n\n\n\n<p>En cuanto al tema de los aranceles de Estados Unidos, Ebrard consider\u00f3 que las disposiciones legales no pueden ser modificadas, aunque la soluci\u00f3n de controversias ayuda a mitigar la incertidumbre en ese \u00e1mbito.<\/p>\n\n\n\n<p>A decir de Ebrard, en M\u00e9xico existe un consenso generalizado sobre la necesidad de mantener el acuerdo comercial sin modificaciones sustanciales.<\/p>\n\n\n\n<figure class=\"wp-block-image\"><img decoding=\"async\" src=\"https:\/\/spanish.xinhuanet.com\/20260116\/abb8040830784eb4a2ea058259ff3492\/7384bee5e0f74e8ca7ccaa318cdf4a04.jpg\" alt=\"\"\/><\/figure>\n\n\n\n<p>CIUDAD DE MEXICO, 15 enero, 2026 (Xinhua) &#8212; Imagen prove\u00edda por la Presidencia de M\u00e9xico de la presidenta mexicana, Claudia Sheinbaum, sonriendo durante su conferencia de prensa matutina, en Palacio Nacional, en la Ciudad de M\u00e9xico, capital de M\u00e9xico, el 15 de enero de 2026. La prioridad mexicana en la renegociaci\u00f3n del Tratado entre M\u00e9xico, Estados Unidos y Canad\u00e1 (T-MEC) de libre comercio que se efectuar\u00e1 a mediados de a\u00f1o es garantizar su continuidad y su fortalecimiento debido a la relevancia que tiene para el desarrollo econ\u00f3mico de la regi\u00f3n, afirm\u00f3 el jueves el secretario de Econom\u00eda mexicano, Marcelo Ebrard. (Xinhua\/Presidencia de M\u00e9xico)<\/p>\n\n\n\n<figure class=\"wp-block-image\"><img decoding=\"async\" src=\"https:\/\/spanish.xinhuanet.com\/20260116\/abb8040830784eb4a2ea058259ff3492\/6277c7a0daaa4352a690280b52dd6bd9.jpg\" alt=\"\"\/><\/figure>\n\n\n\n<p>CIUDAD DE MEXICO, 15 enero, 2026 (Xinhua) &#8212; Imagen prove\u00edda por la Presidencia de M\u00e9xico del secretario de Econom\u00eda mexicano, Marcelo Ebrard, hablando durante la conferencia de prensa matutina de la presidenta mexicana, Claudia Sheinbaum, en Palacio Nacional, en la Ciudad de M\u00e9xico, capital de M\u00e9xico, el 15 de enero de 2026. La prioridad mexicana en la renegociaci\u00f3n del Tratado entre M\u00e9xico, Estados Unidos y Canad\u00e1 (T-MEC) de libre comercio que se efectuar\u00e1 a mediados de a\u00f1o es garantizar su continuidad y su fortalecimiento debido a la relevancia que tiene para el desarrollo econ\u00f3mico de la regi\u00f3n, afirm\u00f3 el jueves Ebrard. (Xinhua\/Presidencia de M\u00e9xico)<\/p>\n","protected":false},"excerpt":{"rendered":"<p>CIUDAD DE MEXICO, 15 enero, 2026 (Xinhua) &#8212; Imagen prove\u00edda por la Presidencia de M\u00e9xico de la presidenta mexicana, Claudia Sheinbaum (i-atr\u00e1s), hablando junto al secretario de Econom\u00eda mexicano, Marcelo Ebrard (d-atr\u00e1s), durante su conferencia de prensa matutina, en Palacio Nacional, en la Ciudad de M\u00e9xico, capital de M\u00e9xico, el 15 de enero de 2026. [&hellip;]<\/p>\n","protected":false},"author":2,"featured_media":660506,"comment_status":"closed","ping_status":"closed","sticky":false,"template":"","format":"standard","meta":{"footnotes":""},"categories":[18,32],"tags":[246],"class_list":["post-660503","post","type-post","status-publish","format-standard","has-post-thumbnail","hentry","category-economia","category-turismo","tag-mexico"],"_links":{"self":[{"href":"https:\/\/diariodominicano.com\/index.php?rest_route=\/wp\/v2\/posts\/660503","targetHints":{"allow":["GET"]}}],"collection":[{"href":"https:\/\/diariodominicano.com\/index.php?rest_route=\/wp\/v2\/posts"}],"about":[{"href":"https:\/\/diariodominicano.com\/index.php?rest_route=\/wp\/v2\/types\/post"}],"author":[{"embeddable":true,"href":"https:\/\/diariodominicano.com\/index.php?rest_route=\/wp\/v2\/users\/2"}],"replies":[{"embeddable":true,"href":"https:\/\/diariodominicano.com\/index.php?rest_route=%2Fwp%2Fv2%2Fcomments&post=660503"}],"version-history":[{"count":1,"href":"https:\/\/diariodominicano.com\/index.php?rest_route=\/wp\/v2\/posts\/660503\/revisions"}],"predecessor-version":[{"id":660507,"href":"https:\/\/diariodominicano.com\/index.php?rest_route=\/wp\/v2\/posts\/660503\/revisions\/660507"}],"wp:featuredmedia":[{"embeddable":true,"href":"https:\/\/diariodominicano.com\/index.php?rest_route=\/wp\/v2\/media\/660506"}],"wp:attachment":[{"href":"https:\/\/diariodominicano.com\/index.php?rest_route=%2Fwp%2Fv2%2Fmedia&parent=660503"}],"wp:term":[{"taxonomy":"category","embeddable":true,"href":"https:\/\/diariodominicano.com\/index.php?rest_route=%2Fwp%2Fv2%2Fcategories&post=660503"},{"taxonomy":"post_tag","embeddable":true,"href":"https:\/\/diariodominicano.com\/index.php?rest_route=%2Fwp%2Fv2%2Ftags&post=660503"}],"curies":[{"name":"wp","href":"https:\/\/api.w.org\/{rel}","templated":true}]}}