{"id":660472,"date":"2026-01-16T03:09:49","date_gmt":"2026-01-16T07:09:49","guid":{"rendered":"https:\/\/diariodominicano.com\/?p=660472"},"modified":"2026-02-21T01:08:38","modified_gmt":"2026-02-21T05:08:38","slug":"mexico-y-eeuu-realizaran-en-febrero-reunion-sobre-seguridad","status":"publish","type":"post","link":"https:\/\/diariodominicano.com\/?p=660472","title":{"rendered":"M\u00e9xico y EEUU realizar\u00e1n en febrero reuni\u00f3n sobre seguridad"},"content":{"rendered":"\n<p>Ciudad de M\u00e9xico, 16 ene (Prensa Latina) El canciller de M\u00e9xico, Juan Ram\u00f3n de la Fuente, y el secretario estadounidense de Estado, Marco Rubio, convinieron en convocar una Reuni\u00f3n Ministerial de Seguridad a celebrarse en Washington el pr\u00f3ximo mes de febrero.<\/p>\n\n\n\n<p><a href=\"https:\/\/www.prensa-latina.cu\/2026\/01\/16\/\"><time>enero 16, 2026 | 01:27<\/time><\/a> <\/p>\n\n\n\n<p>\u201cDicha reuni\u00f3n de alto nivel ofrecer\u00e1 la oportunidad de evaluar avances alcanzados y definir con claridad futuras colaboraciones\u201d, refiere un comunicado conjunto de ambos pa\u00edses sobre una llamada sostenida el jueves entre ambos funcionarios.<\/p>\n\n\n\n<p>Los dos titulares reafirmaron la importancia de la colaboraci\u00f3n entre ambas naciones, basada en el respeto mutuo a la soberan\u00eda, y coincidieron en que es necesario hacer m\u00e1s para enfrentar las amenazas compartidas.<\/p>\n\n\n\n<p>Reconocieron que, \u201ca\u00fan con el progreso alcanzado, subsisten desaf\u00edos significativos\u201d.<\/p>\n\n\n\n<p>Acordaron que el Grupo de Implementaci\u00f3n de Seguridad bilateral, cuya pr\u00f3xima reuni\u00f3n est\u00e1 prevista para el d\u00eda 23 de enero, debe seguir generando acciones tangibles para fortalecer la cooperaci\u00f3n con resultados significativos.<\/p>\n\n\n\n<p>Esto, a\u00f1ade, \u201cpara contrarrestar a los carteles y detener el tr\u00e1fico de fentanilo y de armas en la frontera compartida\u201d.<\/p>\n\n\n\n<p>Tambi\u00e9n acordaron dar seguimiento a las iniciativas bilaterales para promover el intercambio de informaci\u00f3n en iniciativas de seguridad transfronteriza.<\/p>\n\n\n\n<p>Las dos naciones llegaron en septiembre pasado a un entendimiento de cooperaci\u00f3n en seguridad, a partir de cuatro principios fundamentales: respeto irrestricto a la soberan\u00eda e integridad territorial, responsabilidad compartida, confianza mutua y colaboraci\u00f3n coordinada, sin subordinaci\u00f3n.<\/p>\n\n\n\n<p>El lunes \u00faltimo, Sheinbaum y Trump sostuvieron un di\u00e1logo telef\u00f3nico tras el cual la dignataria descart\u00f3 una acci\u00f3n militar de Washington en este pa\u00eds, una amenaza lanzada por el magnate al referir en d\u00edas previos que iniciar\u00eda ataques en tierra contra los c\u00e1rteles de la droga.<\/p>\n\n\n\n<p>Trump ha dicho en varias ocasiones que las mencionadas organizaciones delincuenciales supuestamente \u201cgobiernan\u201d esta naci\u00f3n latinoamericana y ha propuesto un aparente \u201capoyo\u201d con fuerzas militares a M\u00e9xico para combatir al crimen organizado.<\/p>\n\n\n\n<p>Sheinbaum ha sido clara al rechazar tal posibilidad y subrayar que en territorio de esta naci\u00f3n solo operar\u00e1n sus propios efectivos.<\/p>\n\n\n\n<p>La estrategia nacional de seguridad implementada por el Gobierno de la mandataria exhibe resultados palpables: 40 mil 735 detenidos por delitos de alto impacto y 318 toneladas de droga y 21 mil armas incautadas desde octubre de 2024 hasta diciembre \u00faltimo.<\/p>\n\n\n\n<p>Estas operaciones permitieron una disminuci\u00f3n del 40 por ciento en el promedio diario de homicidios dolosos en este pa\u00eds durante los primeros 15 meses de la actual administraci\u00f3n, seg\u00fan datos del Sistema Nacional de Seguridad P\u00fablica.<\/p>\n\n\n\n<p>otf\/las<\/p>\n\n\n\n<ul class=\"wp-block-list\">\n<li>#<a href=\"https:\/\/www.prensa-latina.cu\/etiqueta\/eeuu\/\">eeuu<\/a>&nbsp;#<a href=\"https:\/\/www.prensa-latina.cu\/etiqueta\/mexico\/\">M\u00e9xico<\/a>&nbsp;#<a href=\"https:\/\/www.prensa-latina.cu\/etiqueta\/seguridad\/\">Seguridad<\/a>&nbsp;#<a href=\"https:\/\/www.prensa-latina.cu\/etiqueta\/sheinbaum\/\">sheinbaum<\/a>&nbsp;#<a href=\"https:\/\/www.prensa-latina.cu\/etiqueta\/trump\/\">trump<\/a><\/li>\n<\/ul>\n","protected":false},"excerpt":{"rendered":"<p>Ciudad de M\u00e9xico, 16 ene (Prensa Latina) El canciller de M\u00e9xico, Juan Ram\u00f3n de la Fuente, y el secretario estadounidense de Estado, Marco Rubio, convinieron en convocar una Reuni\u00f3n Ministerial de Seguridad a celebrarse en Washington el pr\u00f3ximo mes de febrero. enero 16, 2026 | 01:27 \u201cDicha reuni\u00f3n de alto nivel ofrecer\u00e1 la oportunidad de [&hellip;]<\/p>\n","protected":false},"author":2,"featured_media":660473,"comment_status":"closed","ping_status":"closed","sticky":false,"template":"","format":"standard","meta":{"footnotes":""},"categories":[36,23,27],"tags":[3708,4246],"class_list":["post-660472","post","type-post","status-publish","format-standard","has-post-thumbnail","hentry","category-hombresmujeresycosas","category-internacional","category-portada","tag-ee-uu-2","tag-mexico-3"],"_links":{"self":[{"href":"https:\/\/diariodominicano.com\/index.php?rest_route=\/wp\/v2\/posts\/660472","targetHints":{"allow":["GET"]}}],"collection":[{"href":"https:\/\/diariodominicano.com\/index.php?rest_route=\/wp\/v2\/posts"}],"about":[{"href":"https:\/\/diariodominicano.com\/index.php?rest_route=\/wp\/v2\/types\/post"}],"author":[{"embeddable":true,"href":"https:\/\/diariodominicano.com\/index.php?rest_route=\/wp\/v2\/users\/2"}],"replies":[{"embeddable":true,"href":"https:\/\/diariodominicano.com\/index.php?rest_route=%2Fwp%2Fv2%2Fcomments&post=660472"}],"version-history":[{"count":2,"href":"https:\/\/diariodominicano.com\/index.php?rest_route=\/wp\/v2\/posts\/660472\/revisions"}],"predecessor-version":[{"id":660566,"href":"https:\/\/diariodominicano.com\/index.php?rest_route=\/wp\/v2\/posts\/660472\/revisions\/660566"}],"wp:featuredmedia":[{"embeddable":true,"href":"https:\/\/diariodominicano.com\/index.php?rest_route=\/wp\/v2\/media\/660473"}],"wp:attachment":[{"href":"https:\/\/diariodominicano.com\/index.php?rest_route=%2Fwp%2Fv2%2Fmedia&parent=660472"}],"wp:term":[{"taxonomy":"category","embeddable":true,"href":"https:\/\/diariodominicano.com\/index.php?rest_route=%2Fwp%2Fv2%2Fcategories&post=660472"},{"taxonomy":"post_tag","embeddable":true,"href":"https:\/\/diariodominicano.com\/index.php?rest_route=%2Fwp%2Fv2%2Ftags&post=660472"}],"curies":[{"name":"wp","href":"https:\/\/api.w.org\/{rel}","templated":true}]}}