{"id":660462,"date":"2026-01-16T02:59:42","date_gmt":"2026-01-16T06:59:42","guid":{"rendered":"https:\/\/diariodominicano.com\/?p=660462"},"modified":"2026-01-16T16:23:19","modified_gmt":"2026-01-16T20:23:19","slug":"autoridades-de-cuba-rinden-guardia-de-honor-a-caidos-en-venezuela","status":"publish","type":"post","link":"https:\/\/diariodominicano.com\/?p=660462","title":{"rendered":"Autoridades de Cuba rinden guardia de honor a ca\u00eddos en Venezuela"},"content":{"rendered":"\n<p>La Habana, 15 ene (Prensa Latina) El l\u00edder de la Revoluci\u00f3n cubana Ra\u00fal Castro y el presidente de la Rep\u00fablica Miguel D\u00edaz-Canel rindieron hoy la \u00faltima guardia de honor a los combatientes de la isla ca\u00eddos en defensa de Venezuela.<\/p>\n\n\n\n<p><a href=\"https:\/\/www.prensa-latina.cu\/2026\/01\/15\/\"><time>enero 15, 2026 | 21:13<\/time><\/a> <\/p>\n\n\n\n<p>En la sede del Ministerio de las Fuerzas Armadas Revolucionarias (FAR), Ra\u00fal tambi\u00e9n rindi\u00f3 tributo a cada uno de los 32 cubanos que fallecieron el 3 de enero \u00faltimo, cuando fuerzas militares de Estados Unidos realizaron un operativo para apresar al presidente de la naci\u00f3n suramericana, Nicol\u00e1s Maduro, y su esposa Cilia Flores.<\/p>\n\n\n\n<p>Junto a Ra\u00fal y D\u00edaz-Canel tambi\u00e9n participaron en la solemne ceremonia los ministros del Interior, L\u00e1zaro Alvarez Casas, y de las Fuerzas Armadas Revolucionarias, Alvaro L\u00f3pez Miera.<\/p>\n\n\n\n<p>Los restos de los 32 soldados arribaron este jueves a La Habana, donde el pueblo les rindi\u00f3 homenaje al paso de los f\u00e9retros por la avenida Rancho Boyeros, primero, y luego en la sede de las FAR.<\/p>\n\n\n\n<figure class=\"wp-block-embed is-type-rich is-provider-gestor-del-servicio wp-block-embed-gestor-del-servicio\"><div class=\"wp-block-embed__wrapper\">\nhttps:\/\/youtube.com\/watch?v=16YTPHW9z9Y%3Fsi%3DRb89eMkTHwpAlAtL\n<\/div><\/figure>\n\n\n\n<p>El tributo iniciado en esta capital se extender\u00e1n ma\u00f1ana a todas las provincias y municipios de la naci\u00f3n caribe\u00f1a.<\/p>\n\n\n\n<p>Las exequias comenzaron bien temprano es la jornada, en la losa del aeropuerto internacional Jos\u00e9 Mart\u00ed, tambi\u00e9n con la presencia de Ra\u00fal y el jefe de Estado, adem\u00e1s de los familiares de los ca\u00eddos.<\/p>\n\n\n\n<p>Los combatientes recibieron ascenso p\u00f3stumo en grado militar, como homenaje digno y merecido a su hero\u00edsmo, seg\u00fan un mandato del Gobierno de Cuba.<\/p>\n\n\n\n<p>Como parte del tributo popular, los capitalinos se concentrar\u00e1n ma\u00f1ana en la Tribuna Antimperialista (frente a la sede de la misi\u00f3n de Estados Unidos aqu\u00ed) para expresar su homenaje en una Marcha del Pueblo Combatiente.<\/p>\n\n\n\n<p>Ese mismo d\u00eda, a las 09:00, se realizar\u00e1n ceremonias simult\u00e1neas en todas las cabeceras provinciales, mientras que a las 16:00 horas los h\u00e9roes ser\u00e1n inhumados en los panteones de los Ca\u00eddos por la Defensa de sus respectivas localidades.<\/p>\n\n\n\n<p>Cada municipio del pa\u00eds efectuar\u00e1 actos de homenaje.<\/p>\n\n\n\n<p>mem\/raj<\/p>\n\n\n\n<ul class=\"wp-block-list\">\n<li>#<a href=\"https:\/\/www.prensa-latina.cu\/etiqueta\/cuba\/\">cuba<\/a><\/li>\n<\/ul>\n","protected":false},"excerpt":{"rendered":"<p>La Habana, 15 ene (Prensa Latina) El l\u00edder de la Revoluci\u00f3n cubana Ra\u00fal Castro y el presidente de la Rep\u00fablica Miguel D\u00edaz-Canel rindieron hoy la \u00faltima guardia de honor a los combatientes de la isla ca\u00eddos en defensa de Venezuela. enero 15, 2026 | 21:13 En la sede del Ministerio de las Fuerzas Armadas Revolucionarias [&hellip;]<\/p>\n","protected":false},"author":2,"featured_media":660464,"comment_status":"closed","ping_status":"closed","sticky":false,"template":"","format":"standard","meta":{"footnotes":""},"categories":[36,23,27],"tags":[3100,1375],"class_list":["post-660462","post","type-post","status-publish","format-standard","has-post-thumbnail","hentry","category-hombresmujeresycosas","category-internacional","category-portada","tag-cuba","tag-venezuela"],"_links":{"self":[{"href":"https:\/\/diariodominicano.com\/index.php?rest_route=\/wp\/v2\/posts\/660462","targetHints":{"allow":["GET"]}}],"collection":[{"href":"https:\/\/diariodominicano.com\/index.php?rest_route=\/wp\/v2\/posts"}],"about":[{"href":"https:\/\/diariodominicano.com\/index.php?rest_route=\/wp\/v2\/types\/post"}],"author":[{"embeddable":true,"href":"https:\/\/diariodominicano.com\/index.php?rest_route=\/wp\/v2\/users\/2"}],"replies":[{"embeddable":true,"href":"https:\/\/diariodominicano.com\/index.php?rest_route=%2Fwp%2Fv2%2Fcomments&post=660462"}],"version-history":[{"count":2,"href":"https:\/\/diariodominicano.com\/index.php?rest_route=\/wp\/v2\/posts\/660462\/revisions"}],"predecessor-version":[{"id":660561,"href":"https:\/\/diariodominicano.com\/index.php?rest_route=\/wp\/v2\/posts\/660462\/revisions\/660561"}],"wp:featuredmedia":[{"embeddable":true,"href":"https:\/\/diariodominicano.com\/index.php?rest_route=\/wp\/v2\/media\/660464"}],"wp:attachment":[{"href":"https:\/\/diariodominicano.com\/index.php?rest_route=%2Fwp%2Fv2%2Fmedia&parent=660462"}],"wp:term":[{"taxonomy":"category","embeddable":true,"href":"https:\/\/diariodominicano.com\/index.php?rest_route=%2Fwp%2Fv2%2Fcategories&post=660462"},{"taxonomy":"post_tag","embeddable":true,"href":"https:\/\/diariodominicano.com\/index.php?rest_route=%2Fwp%2Fv2%2Ftags&post=660462"}],"curies":[{"name":"wp","href":"https:\/\/api.w.org\/{rel}","templated":true}]}}