{"id":66046,"date":"2012-03-20T18:36:23","date_gmt":"2012-03-20T18:36:23","guid":{"rendered":"http:\/\/diariodominicano.ddns.net\/?p=66046"},"modified":"2012-03-20T18:36:23","modified_gmt":"2012-03-20T18:36:23","slug":"bijrd-expone-pinturas-de-la-artista-alma-vasquez","status":"publish","type":"post","link":"https:\/\/diariodominicano.com\/?p=66046","title":{"rendered":"BIJRD expone pinturas de la artista Alma V\u00e1squez"},"content":{"rendered":"<p><body><\/p>\n<p><img decoding=\"async\" src=\"http:\/\/localhost:8080\/img3\/Estudiantes.JPG\" \/>  <\/p>\n<p><span class=\"text1noticias\">La exposici\u00f3n \u00abMujeres: Gestaci\u00f3n de Valores\u00bb es fruto de la inspiraci\u00f3n que produjo en la artista la campa\u00f1a en valores \u00abBien por ti\u00bb que impulsa la Primera Dama a trav\u00e9s de su Despacho. La muestra cuenta con 17 obras elaboradas en diferentes t\u00e9cnicas. <\/span><\/p>\n<\/p>\n<p><span class=\"text1noticias\">Rep.Dom, 20 de Marzo 02:37 P.M.- La artista pl\u00e1stica Alma V\u00e1squez puso en exhibici\u00f3n en la Biblioteca Infantil y Juvenil Rep\u00fablica Dominicana (BIJRD) sus m\u00e1s recientes obras en una colecci\u00f3n titulada \u00abMujeres: Gestaci\u00f3n de Valores\u00bb.<\/span><\/p>\n<\/p>\n<p><span class=\"text1noticias\">La exposici\u00f3n que cuenta con 17 pinturas en t\u00e9cnicas mixta, en tama\u00f1os 30&#8243;x40&#8243;, 40&#8243;x60&#8243; y  33&#8243;x54&#8243;, se caracteriza por resaltar la importancia que tienen los valores en la construcci\u00f3n y desarrollo de cada ser humano y el papel que juega la madre en la transferencia de cada uno de ellos a sus criaturas.<\/span><\/p>\n<\/p>\n<p><span class=\"text1noticias\">\u00abEl desarrollar el concepto de maternidad en mis obras me ha tra\u00eddo mucha paz, me hace sentir que debo de transmitir estos mensajes a trav\u00e9s de la actividad que realizo y mostrar que el arte actual no es s\u00f3lo belleza o lo interesante que se vea la obra, sino que tambi\u00e9n lleve un mensaje al espectador y que este pueda hacerlo suyo como una manera de cambiar el mundo\u00bb expres\u00f3 Alma V\u00e1squez.<\/span><\/p>\n<\/p>\n<p><span class=\"text1noticias\">Amor, unidad familiar, ternura, lealtad, comprensi\u00f3n, honestidad, sabidur\u00eda, \u00e9tica, solidaridad,  tolerancia,  respeto, justicia, paz y solidaridad son algunos de los temas abordados por Alma V\u00e1squez en la exposici\u00f3n \u00abMujeres: gestaci\u00f3n de valores\u00bb.<\/span><\/p>\n<\/p>\n<p><span class=\"text1noticias\">La artista agradeci\u00f3 a la doctora Margarita Cede\u00f1o de Fern\u00e1ndez, Primera Dama de la Rep\u00fablica, por haberla inspirado a trav\u00e9s de la campa\u00f1a en valores \u00abBien por ti\u00bb y las jornadas de D\u00eda de Arte por los Valores, iniciativas del Despacho. <\/span><\/p>\n<\/p>\n<p><span class=\"text1noticias\">En el acto de apertura de la exposici\u00f3n acompa\u00f1aron a V\u00e1squez, Teresa Peralta, directora de la BIJRD, y los funcionarios del DPD Sag\u00ede Roed\u00e1n y Leo Batista, adem\u00e1s de la periodista Rosa Francia Esquea.<\/span><\/p>\n<\/p>\n<p><span class=\"text1noticias\">\u00abMujeres: Gestaci\u00f3n de Valores\u00bb se mantendr\u00e1 abierta al p\u00fablico en la sala de exposiciones de la BIJRD hasta el 31 de este mes de marzo.<\/span><\/p>\n<\/p>\n<p><span class=\"text1noticias\">Acerca de la artista<\/span><\/p>\n<\/p>\n<p><span class=\"text1noticias\">Naci\u00f3 en Salcedo, Rep\u00fablica Dominicana. Estudi\u00f3 Dise\u00f1o de Modas en la Escuela de Dise\u00f1o de Altos de Chav\u00f3n en  La Romana. Actualmente es estudiante de t\u00e9rmino de la licenciatura en Artes Pl\u00e1sticas, menci\u00f3n Pintura en la Universidad Aut\u00f3noma de Santo Domingo (UASD). Fue profesora de Pintura en el Centro de Pedagog\u00eda Musical.  <\/span><\/p>\n<\/p>\n<p><span class=\"text1noticias\">En 2007  abre el \u00abTaller de Artes Alma V\u00e1squez\u00bb su propio espacio de ense\u00f1anza de pintura dirigido a ni\u00f1os, ni\u00f1as, j\u00f3venes y personas adultas. (HG)<\/span>.<\/p>\n<h6> 2012-03-20 18:36:23 <\/h6>\n<p><!--\n<link rel=\"stylesheet\" href=\"css\/bootstrap.min.css\">\n\n\n<ul class=\"pagination\">\n\t    \n\t\n\n<li >\n\t<a href='?page_no=17723'>Previous<\/a>\n\t<\/li>\n\n\n       \n    \n\n<li><a href='?page_no=1'>1<\/a><\/li>\n\n\n\n<li><a href='?page_no=2'>2<\/a><\/li>\n\n\n\n<li><a>...<\/a><\/li>\n\n\n\n<li><a href='?page_no=17722'>17722<\/a><\/li>\n\n\n\n<li><a href='?page_no=17723'>17723<\/a><\/li>\n\n\n\n<li class='active'><a>17724<\/a><\/li>\n\n\n\n<li><a href='?page_no=17725'>17725<\/a><\/li>\n\n\n\n<li><a href='?page_no=17726'>17726<\/a><\/li>\n\n\n\n<li><a>...<\/a><\/li>\n\n\n\n<li><a href='?page_no=22911'>22911<\/a><\/li>\n\n\n\n<li><a href='?page_no=22912'>22912<\/a><\/li>\n\n    \n\t\n\n<li >\n\t<a href='?page_no=17725'>Next<\/a>\n\t<\/li>\n\n\n    \n\n<li><a href='?page_no=22912'>Last &rsaquo;&rsaquo;<\/a><\/li>\n\n<\/ul>\n\n\n--><br \/>\n<\/body><\/p>\n","protected":false},"excerpt":{"rendered":"<p>La exposici\u00f3n \u00abMujeres: Gestaci\u00f3n de Valores\u00bb es fruto de la inspiraci\u00f3n que produjo en la artista la campa\u00f1a en valores \u00abBien por ti\u00bb que impulsa la Primera Dama a trav\u00e9s de su Despacho. La muestra cuenta con 17 obras elaboradas en diferentes t\u00e9cnicas. Rep.Dom, 20 de Marzo 02:37 P.M.- La artista pl\u00e1stica Alma V\u00e1squez puso [&hellip;]<\/p>\n","protected":false},"author":3,"featured_media":0,"comment_status":"open","ping_status":"open","sticky":false,"template":"","format":"standard","meta":{"footnotes":""},"categories":[21],"tags":[],"class_list":["post-66046","post","type-post","status-publish","format-standard","hentry","category-cultura"],"_links":{"self":[{"href":"https:\/\/diariodominicano.com\/index.php?rest_route=\/wp\/v2\/posts\/66046","targetHints":{"allow":["GET"]}}],"collection":[{"href":"https:\/\/diariodominicano.com\/index.php?rest_route=\/wp\/v2\/posts"}],"about":[{"href":"https:\/\/diariodominicano.com\/index.php?rest_route=\/wp\/v2\/types\/post"}],"author":[{"embeddable":true,"href":"https:\/\/diariodominicano.com\/index.php?rest_route=\/wp\/v2\/users\/3"}],"replies":[{"embeddable":true,"href":"https:\/\/diariodominicano.com\/index.php?rest_route=%2Fwp%2Fv2%2Fcomments&post=66046"}],"version-history":[{"count":0,"href":"https:\/\/diariodominicano.com\/index.php?rest_route=\/wp\/v2\/posts\/66046\/revisions"}],"wp:attachment":[{"href":"https:\/\/diariodominicano.com\/index.php?rest_route=%2Fwp%2Fv2%2Fmedia&parent=66046"}],"wp:term":[{"taxonomy":"category","embeddable":true,"href":"https:\/\/diariodominicano.com\/index.php?rest_route=%2Fwp%2Fv2%2Fcategories&post=66046"},{"taxonomy":"post_tag","embeddable":true,"href":"https:\/\/diariodominicano.com\/index.php?rest_route=%2Fwp%2Fv2%2Ftags&post=66046"}],"curies":[{"name":"wp","href":"https:\/\/api.w.org\/{rel}","templated":true}]}}