{"id":66045,"date":"2012-03-20T18:57:20","date_gmt":"2012-03-20T18:57:20","guid":{"rendered":"http:\/\/diariodominicano.ddns.net\/?p=66045"},"modified":"2012-03-20T18:57:20","modified_gmt":"2012-03-20T18:57:20","slug":"presentaran-en-dominicana-libro-sobre-gesta-libertaria-nacional","status":"publish","type":"post","link":"https:\/\/diariodominicano.com\/?p=66045","title":{"rendered":"Presentar\u00e1n en Dominicana libro sobre gesta libertaria nacional"},"content":{"rendered":"<p><body><\/p>\n<p><span class=\"text1noticias\">Santo Domingo, 20 mar 03:00 P.M. (PL) El libro \u00abLa Esperanza Desgarrada\u00bb, del escritor \u00edtalo-estadounidense Piero Gleijeses, sobre la rebeli\u00f3n del pueblo dominicano e invasi\u00f3n estadounidense que frustr\u00f3 ideales de libertad en 1965, ser\u00e1 presentado hoy aqu\u00ed.<\/span><\/p>\n<\/p>\n<p><span class=\"text1noticias\">  El acto de presentaci\u00f3n del volumen se realizar\u00e1 en el Paraninfo de la Facultad de Ciencias Econ\u00f3micas y Sociales de la universidad estatal.<\/span><\/p>\n<\/p>\n<p><span class=\"text1noticias\">Esta ser\u00e1 la primera edici\u00f3n dominicana de la obra, publicada por primera vez en espa\u00f1ol en M\u00e9xico en 1980, y ahora ampliada con nuevos documentos del gobierno de Estados Unidos que han sido desclasificados.<\/span><\/p>\n<\/p>\n<p><span class=\"text1noticias\">Tras un bosquejo de la historia dominicana, La Esperanza Desgarrada aborda el per\u00edodo de inestabilidad que sigui\u00f3 al ajusticiamiento del dictador Rafael Leonidas Trujillo en 1961, para concentrarse en la revoluci\u00f3n constitucionalista y la invasi\u00f3n militar norteamericana de 1965.<\/span><\/p>\n<\/p>\n<p><span class=\"text1noticias\">El libro tambi\u00e9n ser\u00e1 puesto en circulaci\u00f3n en el Centro Le\u00f3n de Santiago, el pr\u00f3ximo jueves.<\/span><\/p>\n<\/p>\n<p><span class=\"text1noticias\">Durante el acto en la Universidad Aut\u00f3noma de Santo Domingo <\/span><\/p>\n<\/p>\n<p><span class=\"text1noticias\">la presentaci\u00f3n estar\u00e1 a cargo del ingeniero Hamlet Hermann y en Santiago del periodista Juan Bol\u00edvar D\u00edaz.<\/span><\/p>\n<\/p>\n<p><span class=\"text1noticias\">Gleijeses es doctor en Ciencias Pol\u00edticas y Relaciones Internacionales. Desde 1972 funge como profesor e investigador de la Escuela de Altos Estudios Internacionales de la Universidad Johns Hopkins, de Washington.<\/span><\/p>\n<\/p>\n<p><span class=\"text1noticias\">Es autor de Misiones en conflicto: Habana, Washington y Africa (tiene tres ediciones, la \u00faltima en 2002. Esperanza destrozada: La Revoluci\u00f3n guatemalteca y la intervenci\u00f3n de Estados Unidos en el derrocamiento en 1954 del gobierno de Jacobo Arbenz. Pol\u00edtica y Cultura en Guatemala, 1988. Molinos de viento: Reagan en Centroam\u00e9rica, 1982.(HG)<\/span>.<\/p>\n<h6> 2012-03-20 18:57:20 <\/h6>\n<p><!--\n<link rel=\"stylesheet\" href=\"css\/bootstrap.min.css\">\n\n\n<ul class=\"pagination\">\n\t    \n\t\n\n<li >\n\t<a href='?page_no=17722'>Previous<\/a>\n\t<\/li>\n\n\n       \n    \n\n<li><a href='?page_no=1'>1<\/a><\/li>\n\n\n\n<li><a href='?page_no=2'>2<\/a><\/li>\n\n\n\n<li><a>...<\/a><\/li>\n\n\n\n<li><a href='?page_no=17721'>17721<\/a><\/li>\n\n\n\n<li><a href='?page_no=17722'>17722<\/a><\/li>\n\n\n\n<li class='active'><a>17723<\/a><\/li>\n\n\n\n<li><a href='?page_no=17724'>17724<\/a><\/li>\n\n\n\n<li><a href='?page_no=17725'>17725<\/a><\/li>\n\n\n\n<li><a>...<\/a><\/li>\n\n\n\n<li><a href='?page_no=22911'>22911<\/a><\/li>\n\n\n\n<li><a href='?page_no=22912'>22912<\/a><\/li>\n\n    \n\t\n\n<li >\n\t<a href='?page_no=17724'>Next<\/a>\n\t<\/li>\n\n\n    \n\n<li><a href='?page_no=22912'>Last &rsaquo;&rsaquo;<\/a><\/li>\n\n<\/ul>\n\n\n--><br \/>\n<\/body><\/p>\n","protected":false},"excerpt":{"rendered":"<p>Santo Domingo, 20 mar 03:00 P.M. (PL) El libro \u00abLa Esperanza Desgarrada\u00bb, del escritor \u00edtalo-estadounidense Piero Gleijeses, sobre la rebeli\u00f3n del pueblo dominicano e invasi\u00f3n estadounidense que frustr\u00f3 ideales de libertad en 1965, ser\u00e1 presentado hoy aqu\u00ed. El acto de presentaci\u00f3n del volumen se realizar\u00e1 en el Paraninfo de la Facultad de Ciencias Econ\u00f3micas y [&hellip;]<\/p>\n","protected":false},"author":3,"featured_media":0,"comment_status":"open","ping_status":"open","sticky":false,"template":"","format":"standard","meta":{"footnotes":""},"categories":[21],"tags":[],"class_list":["post-66045","post","type-post","status-publish","format-standard","hentry","category-cultura"],"_links":{"self":[{"href":"https:\/\/diariodominicano.com\/index.php?rest_route=\/wp\/v2\/posts\/66045","targetHints":{"allow":["GET"]}}],"collection":[{"href":"https:\/\/diariodominicano.com\/index.php?rest_route=\/wp\/v2\/posts"}],"about":[{"href":"https:\/\/diariodominicano.com\/index.php?rest_route=\/wp\/v2\/types\/post"}],"author":[{"embeddable":true,"href":"https:\/\/diariodominicano.com\/index.php?rest_route=\/wp\/v2\/users\/3"}],"replies":[{"embeddable":true,"href":"https:\/\/diariodominicano.com\/index.php?rest_route=%2Fwp%2Fv2%2Fcomments&post=66045"}],"version-history":[{"count":0,"href":"https:\/\/diariodominicano.com\/index.php?rest_route=\/wp\/v2\/posts\/66045\/revisions"}],"wp:attachment":[{"href":"https:\/\/diariodominicano.com\/index.php?rest_route=%2Fwp%2Fv2%2Fmedia&parent=66045"}],"wp:term":[{"taxonomy":"category","embeddable":true,"href":"https:\/\/diariodominicano.com\/index.php?rest_route=%2Fwp%2Fv2%2Fcategories&post=66045"},{"taxonomy":"post_tag","embeddable":true,"href":"https:\/\/diariodominicano.com\/index.php?rest_route=%2Fwp%2Fv2%2Ftags&post=66045"}],"curies":[{"name":"wp","href":"https:\/\/api.w.org\/{rel}","templated":true}]}}