{"id":660428,"date":"2026-01-16T02:00:06","date_gmt":"2026-01-16T06:00:06","guid":{"rendered":"https:\/\/diariodominicano.com\/?p=660428"},"modified":"2026-01-16T15:43:38","modified_gmt":"2026-01-16T19:43:38","slug":"el-juzgado-de-atencion-permanente-del-distrito-judicial-de-san-cristobal-impone-preventiva-a-dos-hombres-imputados-por-el-asesinato-de-un-sargento-de-la-pn-en-los-bajos-de-haina","status":"publish","type":"post","link":"https:\/\/diariodominicano.com\/?p=660428","title":{"rendered":"El Juzgado de Atenci\u00f3n Permanente del distrito judicial de San Crist\u00f3bal impone prisi\u00f3n preventiva a dos hombres imputados por el asesinato de un sargento de la PN en los Bajos de Haina"},"content":{"rendered":"\n<p><strong>SANTO DOMINGO (Rep\u00fablica Dominicana).-<\/strong>&nbsp;Atendiendo a la solicitud del Ministerio P\u00fablico, el Juzgado de Atenci\u00f3n Permanente del distrito judicial de San Crist\u00f3bal impuso tres meses de prisi\u00f3n preventiva, como medida de coerci\u00f3n, a dos hombres imputados por el asesinato de un sargento de la Polic\u00eda Nacional, ocurrido el pasado de 3 de enero en la avenida Circunvalaci\u00f3n, en&nbsp; las inmediaciones de Bajos de Haina.<\/p>\n\n\n\n<p>La medida de coerci\u00f3n le fue impuesta a Luis David Pichardo (El Flaco) y a Eduardo de la Cruz Heredia (El Wa), a quienes el Ministerio P\u00fablico imputa por el asesinato del sargento policial Yoan F\u00e9liz Montero y de provocar golpes y heridas a la esposa de la v\u00edctima.<\/p>\n\n\n\n<p>El \u00f3rgano persecutor, representado por la fiscal Wendy Mar\u00eda Mart\u00ednez Garabitos, demostr\u00f3 en audiencia la gravedad de los hechos y la necesidad de imponer la prisi\u00f3n preventiva a los imputados para que puedan responder ante el proceso judicial.<\/p>\n\n\n\n<p>Los hechos se produjeron la noche del 3 de enero de este 2026, cuando el sargento F\u00e9liz Montero y su esposa transitaban por la avenida Circunvalaci\u00f3n, en Bajos de Haina, a bordo de la motocicleta. Ambos fueron interceptados y enca\u00f1onados por los imputados De la Cruz Heredia (el Wa) y Pichardo (el Flaco), quienes se desplazaban a bordo de una motocicleta de alto cilindraje.<\/p>\n\n\n\n<p>El oficial intent\u00f3 sacar su arma de reglamento cuando el imputado De la Cruz Heredia le realiz\u00f3 varios disparos que lograron impactarlos. A\u00fan herido, F\u00e9liz Montero intent\u00f3, de manera infructuosa, evitar que los atacantes lo despojaran de su arma de fuego, marca Taurus PT, calibre 9mm.<\/p>\n\n\n\n<p>Luego de obtener el arma de fuego, los agresores abandonaron el lugar en el que F\u00e9liz Montero falleci\u00f3 a causa de las heridas de bala.<\/p>\n\n\n\n<p>Ambos imputados fueron arrestados el pasado 5 de enero. Ese mismo d\u00eda, mediante acta de entrega voluntaria, la se\u00f1ora Francesca Roja Paulino entreg\u00f3 a las autoridades el arma Taurus PT, calibre 9mm, serie No. TVE99639, que los malhechores hab\u00edan despojado al sargento policial, as\u00ed como tambi\u00e9n una pistola marca SORAKI, calibre 380 mm, serie no. A31ZR9TYS12-2400082, que fue utilizada en el asesinato de F\u00e9liz Montero.<\/p>\n\n\n\n<p>El Ministerio P\u00fablico le ha asignado a estos hechos la calificaci\u00f3n jur\u00eddica provisional de violaci\u00f3n a los art\u00edculos 265,266,309,379,382, 295 y 304 del C\u00f3digo Penal, que castigan el homicidio, la asociaci\u00f3n de malhechores, el robo y agresiones, as\u00ed como tambi\u00e9n la falta a los art\u00edculos 66 y 67 de la Ley 631-16, sobre el uso de Armas, Municiones y Materiales Relacionados.<\/p>\n\n\n\n<p>Por decisi\u00f3n del juez Jos\u00e9 Carlos Arias, del Juzgado de Atenci\u00f3n Permanente de San Crist\u00f3bal, De la Cruz Heredia (el Wa) y Pichardo (el Flaco) deber\u00e1n cumplir la prisi\u00f3n preventiva en el Centro de Correcci\u00f3n y Rehabilitaci\u00f3n de Najayo Hombres.<\/p>\n\n\n\n<p><strong>Direcci\u00f3n General de Comunicaci\u00f3n, Prensa, y RRPP<\/strong><strong><\/strong><\/p>\n\n\n\n<p>Ministerio P\u00fablico.&nbsp;R.D.<\/p>\n\n\n\n<p>Jueves, 15 de enero de 2026<\/p>\n\n\n\n<p>&#8230;<\/p>\n","protected":false},"excerpt":{"rendered":"<p>SANTO DOMINGO (Rep\u00fablica Dominicana).-&nbsp;Atendiendo a la solicitud del Ministerio P\u00fablico, el Juzgado de Atenci\u00f3n Permanente del distrito judicial de San Crist\u00f3bal impuso tres meses de prisi\u00f3n preventiva, como medida de coerci\u00f3n, a dos hombres imputados por el asesinato de un sargento de la Polic\u00eda Nacional, ocurrido el pasado de 3 de enero en la avenida [&hellip;]<\/p>\n","protected":false},"author":2,"featured_media":329468,"comment_status":"closed","ping_status":"closed","sticky":false,"template":"","format":"standard","meta":{"footnotes":""},"categories":[24,29,27],"tags":[171],"class_list":["post-660428","post","type-post","status-publish","format-standard","has-post-thumbnail","hentry","category-justicia-y-derecho","category-policiasucesos","category-portada","tag-ministerio-publico"],"_links":{"self":[{"href":"https:\/\/diariodominicano.com\/index.php?rest_route=\/wp\/v2\/posts\/660428","targetHints":{"allow":["GET"]}}],"collection":[{"href":"https:\/\/diariodominicano.com\/index.php?rest_route=\/wp\/v2\/posts"}],"about":[{"href":"https:\/\/diariodominicano.com\/index.php?rest_route=\/wp\/v2\/types\/post"}],"author":[{"embeddable":true,"href":"https:\/\/diariodominicano.com\/index.php?rest_route=\/wp\/v2\/users\/2"}],"replies":[{"embeddable":true,"href":"https:\/\/diariodominicano.com\/index.php?rest_route=%2Fwp%2Fv2%2Fcomments&post=660428"}],"version-history":[{"count":4,"href":"https:\/\/diariodominicano.com\/index.php?rest_route=\/wp\/v2\/posts\/660428\/revisions"}],"predecessor-version":[{"id":660433,"href":"https:\/\/diariodominicano.com\/index.php?rest_route=\/wp\/v2\/posts\/660428\/revisions\/660433"}],"wp:featuredmedia":[{"embeddable":true,"href":"https:\/\/diariodominicano.com\/index.php?rest_route=\/wp\/v2\/media\/329468"}],"wp:attachment":[{"href":"https:\/\/diariodominicano.com\/index.php?rest_route=%2Fwp%2Fv2%2Fmedia&parent=660428"}],"wp:term":[{"taxonomy":"category","embeddable":true,"href":"https:\/\/diariodominicano.com\/index.php?rest_route=%2Fwp%2Fv2%2Fcategories&post=660428"},{"taxonomy":"post_tag","embeddable":true,"href":"https:\/\/diariodominicano.com\/index.php?rest_route=%2Fwp%2Fv2%2Ftags&post=660428"}],"curies":[{"name":"wp","href":"https:\/\/api.w.org\/{rel}","templated":true}]}}