{"id":660422,"date":"2026-01-16T01:53:10","date_gmt":"2026-01-16T05:53:10","guid":{"rendered":"https:\/\/diariodominicano.com\/?p=660422"},"modified":"2026-01-16T15:42:15","modified_gmt":"2026-01-16T19:42:15","slug":"declaracion-conjunta-sobre-la-cooperacion-en-materia-de-seguridad-entre-estados-unidos-y-mexico","status":"publish","type":"post","link":"https:\/\/diariodominicano.com\/?p=660422","title":{"rendered":"Declaraci\u00f3n conjunta sobre la cooperaci\u00f3n en materia de seguridad entre Estados Unidos y M\u00e9xico"},"content":{"rendered":"\n<p>15 de enero de 2026<\/p>\n\n\n\n<p><em>El texto de la siguiente declaraci\u00f3n fue publicado por los Gobiernos de los Estados Unidos de Am\u00e9rica y M\u00e9xico.<\/em><\/p>\n\n\n\n<p><em>Texto inicial<\/em><\/p>\n\n\n\n<p>Tras la llamada entre el presidente Donald Trump y la presidenta Claudia Sheinbaum a principios de esta semana, el secretario de Estado, Marco Rubio, y el secretario de Relaciones Exteriores de M\u00e9xico, Juan Ram\u00f3n de la Fuente, conversaron hoy por tel\u00e9fono para abordar los desaf\u00edos de seguridad que enfrentan ambos pa\u00edses. Los secretarios reafirmaron la importancia de la alianza entre Estados Unidos y M\u00e9xico, basada en el respeto mutuo a la soberan\u00eda, al tiempo que reconocieron que se debe hacer m\u00e1s para enfrentar las amenazas compartidas.<\/p>\n\n\n\n<p>Ambos l\u00edderes reconocieron que, a pesar de los avances, persisten importantes desaf\u00edos. Acordaron que el Grupo de Implementaci\u00f3n de Seguridad bilateral, cuya pr\u00f3xima reuni\u00f3n est\u00e1 prevista para el 23 de enero, debe seguir implementando medidas concretas para fortalecer la cooperaci\u00f3n en seguridad y obtener resultados significativos para combatir a los c\u00e1rteles y detener el flujo il\u00edcito de fentanilo y armas que cruzan nuestra frontera com\u00fan. Acordaron dar seguimiento a las iniciativas bilaterales para promover el intercambio de informaci\u00f3n y a las iniciativas de seguridad transfronteriza.<\/p>\n\n\n\n<p>El Secretario Rubio y el Secretario de Relaciones Exteriores de la Fuente tambi\u00e9n acordaron convocar una Reuni\u00f3n Ministerial de Seguridad en Washington, D.C., en febrero, para conmemorar el primer aniversario del inicio de una nueva etapa en la cooperaci\u00f3n bilateral en materia de seguridad. Esta reuni\u00f3n de alto nivel brindar\u00e1 la oportunidad de evaluar los avances, identificar deficiencias y definir expectativas claras para una mayor colaboraci\u00f3n.<\/p>\n\n\n\n<p><em>Texto final<\/em><\/p>\n\n\n\n<p>U.S. Department of State<\/p>\n\n\n\n<p><a target=\"_blank\" href=\"mailto:usstatebpa@public.govdelivery.com\" rel=\"noreferrer noopener\">usstatebpa@public.govdeliver<\/a><\/p>\n","protected":false},"excerpt":{"rendered":"<p>15 de enero de 2026 El texto de la siguiente declaraci\u00f3n fue publicado por los Gobiernos de los Estados Unidos de Am\u00e9rica y M\u00e9xico. Texto inicial Tras la llamada entre el presidente Donald Trump y la presidenta Claudia Sheinbaum a principios de esta semana, el secretario de Estado, Marco Rubio, y el secretario de Relaciones [&hellip;]<\/p>\n","protected":false},"author":2,"featured_media":657808,"comment_status":"closed","ping_status":"closed","sticky":false,"template":"","format":"standard","meta":{"footnotes":""},"categories":[36,23],"tags":[3708,246],"class_list":["post-660422","post","type-post","status-publish","format-standard","has-post-thumbnail","hentry","category-hombresmujeresycosas","category-internacional","tag-ee-uu-2","tag-mexico"],"_links":{"self":[{"href":"https:\/\/diariodominicano.com\/index.php?rest_route=\/wp\/v2\/posts\/660422","targetHints":{"allow":["GET"]}}],"collection":[{"href":"https:\/\/diariodominicano.com\/index.php?rest_route=\/wp\/v2\/posts"}],"about":[{"href":"https:\/\/diariodominicano.com\/index.php?rest_route=\/wp\/v2\/types\/post"}],"author":[{"embeddable":true,"href":"https:\/\/diariodominicano.com\/index.php?rest_route=\/wp\/v2\/users\/2"}],"replies":[{"embeddable":true,"href":"https:\/\/diariodominicano.com\/index.php?rest_route=%2Fwp%2Fv2%2Fcomments&post=660422"}],"version-history":[{"count":3,"href":"https:\/\/diariodominicano.com\/index.php?rest_route=\/wp\/v2\/posts\/660422\/revisions"}],"predecessor-version":[{"id":660427,"href":"https:\/\/diariodominicano.com\/index.php?rest_route=\/wp\/v2\/posts\/660422\/revisions\/660427"}],"wp:featuredmedia":[{"embeddable":true,"href":"https:\/\/diariodominicano.com\/index.php?rest_route=\/wp\/v2\/media\/657808"}],"wp:attachment":[{"href":"https:\/\/diariodominicano.com\/index.php?rest_route=%2Fwp%2Fv2%2Fmedia&parent=660422"}],"wp:term":[{"taxonomy":"category","embeddable":true,"href":"https:\/\/diariodominicano.com\/index.php?rest_route=%2Fwp%2Fv2%2Fcategories&post=660422"},{"taxonomy":"post_tag","embeddable":true,"href":"https:\/\/diariodominicano.com\/index.php?rest_route=%2Fwp%2Fv2%2Ftags&post=660422"}],"curies":[{"name":"wp","href":"https:\/\/api.w.org\/{rel}","templated":true}]}}