{"id":66041,"date":"2012-03-21T15:23:51","date_gmt":"2012-03-21T15:23:51","guid":{"rendered":"http:\/\/diariodominicano.ddns.net\/?p=66041"},"modified":"2012-03-21T15:23:51","modified_gmt":"2012-03-21T15:23:51","slug":"banco-agricola-inaugurara-sala-cultural-con-exposicion-colectiva-de-pinturas","status":"publish","type":"post","link":"https:\/\/diariodominicano.com\/?p=66041","title":{"rendered":"Banco Agr\u00edcola inaugurar\u00e1 sala cultural con exposici\u00f3n colectiva de pinturas"},"content":{"rendered":"<p><body><\/p>\n<p><img decoding=\"async\" src=\"img3\/AFICHE BancAgricola.JPG\" \/>  <\/p>\n<p><span class=\"text1noticias\">11:21 am,  Santo Domingo, RD, 21 marzo.-   El Banco Agr\u00edcola de la Rep\u00fablica Dominicana, en  inter\u00e9s de ampliar su contacto y relaci\u00f3n con la comunidad, pondr\u00e1 en funcionamiento su primera   sala cultural en la que inaugurar\u00e1 este mi\u00e9rcoles  a las 7 de la noche, la exposici\u00f3n titulada \u00abfrutos de la tierra\u00bb, habilitada en el vest\u00edbulo del edificio principal- lado norte hacia la Avenida Independencia de esta capital.<\/span><\/p>\n<\/p>\n<p><span class=\"text1noticias\">La instituci\u00f3n dar\u00e1 apertura a la primera, de un total de dos salas, las cuales han sido concebidas como espacios para la presentaci\u00f3n de exposiciones de artes pl\u00e1sticas y la realizaci\u00f3n de actividades culturales relacionadas con la agricultura y la ganader\u00eda, la naturaleza, la agroindustrializaci\u00f3n, la ecolog\u00eda y el medio ambiente, as\u00ed como la investigaci\u00f3n cient\u00edfica en la agropecuaria, la alimentaci\u00f3n y la nutrici\u00f3n.<\/span><\/p>\n<\/p>\n<p><span class=\"text1noticias\">La exposici\u00f3n \u00abfrutos de la tierra\u00bb, es coordinada por el destacado m\u00fasico y animador cultural Jorge Solano. En total ser\u00e1n presentadas 25 obras de variados formatos, y est\u00e1 integrada por 15 reconocidos pintores dominicanos de distintas generaciones y estilos.<\/span><\/p>\n<\/p>\n<p><span class=\"text1noticias\"> Esta iniciativa de la Administraci\u00f3n General del Banco Agr\u00edcola y del Directorio Ejecutivo de la instituci\u00f3n, seg\u00fan declaraciones del Ingeniero Pa\u00edno Abreu Collado, va en la direcci\u00f3n de impregnar una nueva din\u00e1mica a la relaci\u00f3n social del Banco con el p\u00fablico que ama la agricultura, que respeta y valora la naturaleza; y que tambi\u00e9n reconoce al hombre del campo, al sembrador, al productor y al industrial agr\u00edcola, como soportes fundamentales para la alimentaci\u00f3n de la gente y de los animales.<\/span><\/p>\n<\/p>\n<p><span class=\"text1noticias\">Paino Abreu destac\u00f3, que le produce una gran satisfacci\u00f3n abrir este espacio cultural en la sede principal  del Banco, para que todas las manifestaciones de orden cient\u00edfico, acad\u00e9mico y cultural relacionados con la agricultura y sus derivaciones, tengan un espacio donde convocar y establecer contactos amigables con las personas e instituciones nacionales e internacionales, que dan seguimiento a estos asuntos tan importantes<\/span>.<\/p>\n<h6> 2012-03-21 15:23:51 <\/h6>\n<p><!--\n<link rel=\"stylesheet\" href=\"css\/bootstrap.min.css\">\n\n\n<ul class=\"pagination\">\n\t    \n\t\n\n<li >\n\t<a href='?page_no=17718'>Previous<\/a>\n\t<\/li>\n\n\n       \n    \n\n<li><a href='?page_no=1'>1<\/a><\/li>\n\n\n\n<li><a href='?page_no=2'>2<\/a><\/li>\n\n\n\n<li><a>...<\/a><\/li>\n\n\n\n<li><a href='?page_no=17717'>17717<\/a><\/li>\n\n\n\n<li><a href='?page_no=17718'>17718<\/a><\/li>\n\n\n\n<li class='active'><a>17719<\/a><\/li>\n\n\n\n<li><a href='?page_no=17720'>17720<\/a><\/li>\n\n\n\n<li><a href='?page_no=17721'>17721<\/a><\/li>\n\n\n\n<li><a>...<\/a><\/li>\n\n\n\n<li><a href='?page_no=22911'>22911<\/a><\/li>\n\n\n\n<li><a href='?page_no=22912'>22912<\/a><\/li>\n\n    \n\t\n\n<li >\n\t<a href='?page_no=17720'>Next<\/a>\n\t<\/li>\n\n\n    \n\n<li><a href='?page_no=22912'>Last &rsaquo;&rsaquo;<\/a><\/li>\n\n<\/ul>\n\n\n--><br \/>\n<\/body><\/p>\n","protected":false},"excerpt":{"rendered":"<p>11:21 am, Santo Domingo, RD, 21 marzo.- El Banco Agr\u00edcola de la Rep\u00fablica Dominicana, en inter\u00e9s de ampliar su contacto y relaci\u00f3n con la comunidad, pondr\u00e1 en funcionamiento su primera sala cultural en la que inaugurar\u00e1 este mi\u00e9rcoles a las 7 de la noche, la exposici\u00f3n titulada \u00abfrutos de la tierra\u00bb, habilitada en el vest\u00edbulo [&hellip;]<\/p>\n","protected":false},"author":3,"featured_media":0,"comment_status":"open","ping_status":"open","sticky":false,"template":"","format":"standard","meta":{"footnotes":""},"categories":[21],"tags":[],"class_list":["post-66041","post","type-post","status-publish","format-standard","hentry","category-cultura"],"_links":{"self":[{"href":"https:\/\/diariodominicano.com\/index.php?rest_route=\/wp\/v2\/posts\/66041","targetHints":{"allow":["GET"]}}],"collection":[{"href":"https:\/\/diariodominicano.com\/index.php?rest_route=\/wp\/v2\/posts"}],"about":[{"href":"https:\/\/diariodominicano.com\/index.php?rest_route=\/wp\/v2\/types\/post"}],"author":[{"embeddable":true,"href":"https:\/\/diariodominicano.com\/index.php?rest_route=\/wp\/v2\/users\/3"}],"replies":[{"embeddable":true,"href":"https:\/\/diariodominicano.com\/index.php?rest_route=%2Fwp%2Fv2%2Fcomments&post=66041"}],"version-history":[{"count":0,"href":"https:\/\/diariodominicano.com\/index.php?rest_route=\/wp\/v2\/posts\/66041\/revisions"}],"wp:attachment":[{"href":"https:\/\/diariodominicano.com\/index.php?rest_route=%2Fwp%2Fv2%2Fmedia&parent=66041"}],"wp:term":[{"taxonomy":"category","embeddable":true,"href":"https:\/\/diariodominicano.com\/index.php?rest_route=%2Fwp%2Fv2%2Fcategories&post=66041"},{"taxonomy":"post_tag","embeddable":true,"href":"https:\/\/diariodominicano.com\/index.php?rest_route=%2Fwp%2Fv2%2Ftags&post=66041"}],"curies":[{"name":"wp","href":"https:\/\/api.w.org\/{rel}","templated":true}]}}