{"id":66040,"date":"2012-03-21T15:47:21","date_gmt":"2012-03-21T15:47:21","guid":{"rendered":"http:\/\/diariodominicano.ddns.net\/?p=66040"},"modified":"2012-03-21T15:47:21","modified_gmt":"2012-03-21T15:47:21","slug":"cultura-inaugura-valiosa-exposicion-primicias-de-america-en-republica-dominicana","status":"publish","type":"post","link":"https:\/\/diariodominicano.com\/?p=66040","title":{"rendered":"Cultura inaugura valiosa exposici\u00f3n Primicias de Am\u00e9rica en Rep\u00fablica Dominicana"},"content":{"rendered":"<p><body><\/p>\n<p><img decoding=\"async\" src=\"img3\/Exposicion hechos de la Isla.JPG\" \/><br \/><img decoding=\"async\" src=\"img3\/Apertura exposicion la Isla.JPG\" \/>  <\/p>\n<p><span class=\"text1noticias\">La exposici\u00f3n difunde personajes y acontecimientos hist\u00f3ricos que marcaron la isla, donde se produjo el primer intercambio de las culturas ind\u00edgena, africana y europea.<\/span><\/p>\n<\/p>\n<p><span class=\"text1noticias\">11:47  Santo Domingo, RD, 21 de marzo del 2012.-  El Ministerio de Cultura (MINC), con motivo de celebrarse el 40 aniversario de la convenci\u00f3n del Patrimonio Mundial de la UNESCO y en contribuci\u00f3n al conocimiento, valoraci\u00f3n y difusi\u00f3n de los personajes, hechos y lugares m\u00e1s relevantes de la historia local (en el contexto americano de los siglos XV y XVI), dio apertura a la valiosa exposici\u00f3n Primicias de Am\u00e9rica en Rep\u00fablica Dominicana.<\/span><\/p>\n<\/p>\n<p><span class=\"text1noticias\">Este proyecto forma parte del inter\u00e9s del MINC en construir una ciudadan\u00eda cultural, democr\u00e1tica y diversa, que brinde oportunidades al desarrollo creativo e intelectual, fundamentado en los derechos culturales y en los valores de creatividad, pasi\u00f3n y gerencia.<\/span><\/p>\n<\/p>\n<p><span class=\"text1noticias\">El acto fue encabezado por el Ministro de Cultura, Jos\u00e9 Rafael Lantigua, quien estuvo acompa\u00f1ado por Nicol\u00e1s de Jes\u00fas Cardenal L\u00f3pez Rodr\u00edguez, Arzobispo Metropolitano de Santo Domingo; Lourdes Camilo de Cuello, Viceministra de Patrimonio Cultural; Monse\u00f1or J\u00f3zef Wesolowoski, nuncio apost\u00f3lico de Su Santidad Benedicto XVI, y Diana Mart\u00ednez, directora Patrimonio Inmueble del Ayuntamiento del Distrito.<\/span><\/p>\n<\/p>\n<p><span class=\"text1noticias\">Las palabras de bienvenida fueron pronunciadas por la viceministra Lourdes Camilo de Cuello, mientras que  el discurso central  estuvo a cargo del Ministro de Cultura. En la actividad tambi\u00e9n  habl\u00f3 el Cardenal L\u00f3pez Rodr\u00edguez, quien recibi\u00f3 una colecci\u00f3n de las primicias, al igual que los dem\u00e1s miembros de la mesa de honor.<\/span><\/p>\n<\/p>\n<p><span class=\"text1noticias\">La muestra fue presentada en el Museo Fortaleza de Santo Domingo. Est\u00e1 conformada por una colecci\u00f3n de treinta y tres afiches tem\u00e1ticos y un cat\u00e1logo contentivo de los primeros hechos hist\u00f3ricos trascendentes, que marcaron las primeras d\u00e9cadas del siglo XVI en la parte este de la isla La Espa\u00f1ola<\/span>. <\/p>\n<\/p>\n<p>Para el trabajo textual que acompa\u00f1an las im\u00e1genes, el MINC acogi\u00f3 parte de la primera versi\u00f3n de las Primac\u00edas de Am\u00e9rica en La Espa\u00f1ola, 1492-1541. Los temas, actualizados por el historiador dominicano Raymundo Gonz\u00e1lez, fueron  renovados con el aporte de otras informaciones sobre los protagonistas y las acciones acontecidas en el territorio de la Rep\u00fablica Dominicana, vinculados al descubrimiento, conquista y colonizaci\u00f3n del Nuevo Mundo.<\/p>\n<\/p>\n<p>Primer Almirante de la Mar Oc\u00e9ana, primer Virrey y primer Gobernador de las Indias, primera misa oficiada en Am\u00e9rica, primera exploraci\u00f3n europea del territorio americano o \u00abCamino de los Hidalgos\u00bb, primera villa europea de Am\u00e9rica, primer catequista y alfabetizador de los indios, primer cabildo de Am\u00e9rica, primer Santiago de Am\u00e9rica, primeras monedas met\u00e1licas que circularon y se acu\u00f1aron en Am\u00e9rica, primer Santo Cerro, primer santuario cristiano de Am\u00e9rica, primer ind\u00edgena bautizado en Am\u00e9rica, Santo Domingo, primera Capital de las Indias, entre otras primicias, forman parte de las publicaciones.<\/p>\n<\/p>\n<p>Informaci\u00f3n ofrecida por la<\/p>\n<p>Direcci\u00f3n General de Comunicaci\u00f3n y Audiovisuales<\/p>\n<p>Ministerio de Cultura<\/p>\n<p>Contacto: Yanelis Jim\u00e9nez<\/p>\n<p>Tel: 221-4141 Ext. 236<\/p>\n<\/p>\n<p>Pie de fotos<\/p>\n<\/p>\n<p>1.-02 02<\/p>\n<p>Monse\u00f1or J\u00f3zef Wesolowoski, Nicol\u00e1s de Jes\u00fas Cardenal L\u00f3pez Rodr\u00edguez, Jos\u00e9 Rafael Lantigua, Lourdes Camilo de Cuello y Diana Mart\u00ednez.<\/p>\n<\/p>\n<p>2.-0136<\/p>\n<\/p>\n<p> Los textos y gr\u00e1ficos que acompa\u00f1an las Primicias resaltan las obras producidas por destacados artistas contempor\u00e1neos nacionales y extranjeros.<\/p>\n<\/p>\n<h6> 2012-03-21 15:47:21 <\/h6>\n<p><!--\n<link rel=\"stylesheet\" href=\"css\/bootstrap.min.css\">\n\n\n<ul class=\"pagination\">\n\t    \n\t\n\n<li >\n\t<a href='?page_no=17717'>Previous<\/a>\n\t<\/li>\n\n\n       \n    \n\n<li><a href='?page_no=1'>1<\/a><\/li>\n\n\n\n<li><a href='?page_no=2'>2<\/a><\/li>\n\n\n\n<li><a>...<\/a><\/li>\n\n\n\n<li><a href='?page_no=17716'>17716<\/a><\/li>\n\n\n\n<li><a href='?page_no=17717'>17717<\/a><\/li>\n\n\n\n<li class='active'><a>17718<\/a><\/li>\n\n\n\n<li><a href='?page_no=17719'>17719<\/a><\/li>\n\n\n\n<li><a href='?page_no=17720'>17720<\/a><\/li>\n\n\n\n<li><a>...<\/a><\/li>\n\n\n\n<li><a href='?page_no=22911'>22911<\/a><\/li>\n\n\n\n<li><a href='?page_no=22912'>22912<\/a><\/li>\n\n    \n\t\n\n<li >\n\t<a href='?page_no=17719'>Next<\/a>\n\t<\/li>\n\n\n    \n\n<li><a href='?page_no=22912'>Last &rsaquo;&rsaquo;<\/a><\/li>\n\n<\/ul>\n\n\n--><br \/>\n<\/body><\/p>\n","protected":false},"excerpt":{"rendered":"<p>La exposici\u00f3n difunde personajes y acontecimientos hist\u00f3ricos que marcaron la isla, donde se produjo el primer intercambio de las culturas ind\u00edgena, africana y europea. 11:47 Santo Domingo, RD, 21 de marzo del 2012.- El Ministerio de Cultura (MINC), con motivo de celebrarse el 40 aniversario de la convenci\u00f3n del Patrimonio Mundial de la UNESCO y [&hellip;]<\/p>\n","protected":false},"author":3,"featured_media":0,"comment_status":"open","ping_status":"open","sticky":false,"template":"","format":"standard","meta":{"footnotes":""},"categories":[21],"tags":[],"class_list":["post-66040","post","type-post","status-publish","format-standard","hentry","category-cultura"],"_links":{"self":[{"href":"https:\/\/diariodominicano.com\/index.php?rest_route=\/wp\/v2\/posts\/66040","targetHints":{"allow":["GET"]}}],"collection":[{"href":"https:\/\/diariodominicano.com\/index.php?rest_route=\/wp\/v2\/posts"}],"about":[{"href":"https:\/\/diariodominicano.com\/index.php?rest_route=\/wp\/v2\/types\/post"}],"author":[{"embeddable":true,"href":"https:\/\/diariodominicano.com\/index.php?rest_route=\/wp\/v2\/users\/3"}],"replies":[{"embeddable":true,"href":"https:\/\/diariodominicano.com\/index.php?rest_route=%2Fwp%2Fv2%2Fcomments&post=66040"}],"version-history":[{"count":0,"href":"https:\/\/diariodominicano.com\/index.php?rest_route=\/wp\/v2\/posts\/66040\/revisions"}],"wp:attachment":[{"href":"https:\/\/diariodominicano.com\/index.php?rest_route=%2Fwp%2Fv2%2Fmedia&parent=66040"}],"wp:term":[{"taxonomy":"category","embeddable":true,"href":"https:\/\/diariodominicano.com\/index.php?rest_route=%2Fwp%2Fv2%2Fcategories&post=66040"},{"taxonomy":"post_tag","embeddable":true,"href":"https:\/\/diariodominicano.com\/index.php?rest_route=%2Fwp%2Fv2%2Ftags&post=66040"}],"curies":[{"name":"wp","href":"https:\/\/api.w.org\/{rel}","templated":true}]}}