{"id":660394,"date":"2026-01-16T01:13:38","date_gmt":"2026-01-16T05:13:38","guid":{"rendered":"https:\/\/diariodominicano.com\/?p=660394"},"modified":"2026-01-16T03:25:30","modified_gmt":"2026-01-16T07:25:30","slug":"morena-se-consolida-como-el-partido-mas-grande-de-mexico","status":"publish","type":"post","link":"https:\/\/diariodominicano.com\/?p=660394","title":{"rendered":"Morena se consolida como el partido m\u00e1s grande de M\u00e9xico"},"content":{"rendered":"\n<p>Ciudad de M\u00e9xico, 15 ene (Prensa Latina) El gobernante Movimiento de Regeneraci\u00f3n Nacional (Morena) super\u00f3 los 11 millones de afiliados y se consolida hoy como el partido m\u00e1s grande en la historia de M\u00e9xico, inform\u00f3 la organizaci\u00f3n a trav\u00e9s de un comunicado.<\/p>\n\n\n\n<p><a href=\"https:\/\/www.prensa-latina.cu\/2026\/01\/15\/\"><time>enero 15, 2026 | 17:57<\/time><\/a> <\/p>\n\n\n\n<p>A un a\u00f1o del inicio de la campa\u00f1a nacional de afiliaci\u00f3n \u201cSomos Millones, S\u00famate a Morena\u201d, la formaci\u00f3n pol\u00edtica refiri\u00f3 que alcanz\u00f3 la cifra de 11 millones 50 mil 758 personas validadas ante el Instituto Nacional Electoral.<\/p>\n\n\n\n<p>Seg\u00fan agreg\u00f3, el proceso de afiliaci\u00f3n se desarroll\u00f3 de manera continua en todo el territorio nacional, mediante mecanismos de registro y validaci\u00f3n establecidos por la autoridad electoral.<\/p>\n\n\n\n<p>Asever\u00f3 que \u201cmillones de mujeres y hombres ayudar\u00e1n a reforzar el legado del (ex) presidente Andr\u00e9s Manuel L\u00f3pez Obrador (2018-2024), y acompa\u00f1ar\u00e1n a la presidenta, Claudia Sheinbaum, en el avance del segundo piso de la Cuarta Transformaci\u00f3n\u201d.<\/p>\n\n\n\n<p>Durante este a\u00f1o de trabajo, se afiliaron en promedio 26 mil 188 ciudadanos diariamente de las 32 entidades federativas, afirm\u00f3 el instituto pol\u00edtico, al resaltar que el 61,65 por ciento de las inscripciones corresponden a mujeres y 38,35 a hombres.<\/p>\n\n\n\n<p>Los incorporados manifestaron \u201csu inter\u00e9s de afiliaci\u00f3n para apoyar al Movimiento durante procesos electorales a trav\u00e9s de actividades como defensa del voto, formaci\u00f3n pol\u00edtica, participaci\u00f3n en alg\u00fan comit\u00e9 o fungir como representante en alguna casilla\u201d.<\/p>\n\n\n\n<p>De acuerdo con los datos difundidos, la afiliaci\u00f3n presenta una amplia representaci\u00f3n generacional: un mill\u00f3n 622 mil 361 son j\u00f3venes de 18 a 29 a\u00f1os; un mill\u00f3n 846 mil 426 tienen de 30 a 39; un mill\u00f3n 905 mil 892, de 40 a 49, y un mill\u00f3n 989 mil 319, de 50 a 59.<\/p>\n\n\n\n<p>Los afiliados en la franja etaria de 60 a 69 a\u00f1os suman un mill\u00f3n 959 mil 269; los de 70 a 79, un mill\u00f3n 252 mil 957, y de 80 y m\u00e1s, 474 mil 534.<\/p>\n\n\n\n<p>\u201cGracias a este logro, Morena hoy cuenta con una presencia organizativa en el 99,41 por ciento de las secciones electorales del pa\u00eds, refrendando su compromiso de continuar trabajando en pro del bienestar del pueblo de M\u00e9xico, bajo la m\u00e1xima \u2018Por el bien de todos, primero los pobres\u2019\u201d, apunt\u00f3.<\/p>\n\n\n\n<p>mem\/las<\/p>\n\n\n\n<ul class=\"wp-block-list\">\n<li>#<a href=\"https:\/\/www.prensa-latina.cu\/etiqueta\/mexico\/\">M\u00e9xico<\/a>&nbsp;#<a href=\"https:\/\/www.prensa-latina.cu\/etiqueta\/morena\/\">morena<\/a>&nbsp;#<a href=\"https:\/\/www.prensa-latina.cu\/etiqueta\/partido\/\">partido<\/a><\/li>\n<\/ul>\n","protected":false},"excerpt":{"rendered":"<p>Ciudad de M\u00e9xico, 15 ene (Prensa Latina) El gobernante Movimiento de Regeneraci\u00f3n Nacional (Morena) super\u00f3 los 11 millones de afiliados y se consolida hoy como el partido m\u00e1s grande en la historia de M\u00e9xico, inform\u00f3 la organizaci\u00f3n a trav\u00e9s de un comunicado. enero 15, 2026 | 17:57 A un a\u00f1o del inicio de la campa\u00f1a [&hellip;]<\/p>\n","protected":false},"author":2,"featured_media":660395,"comment_status":"closed","ping_status":"closed","sticky":false,"template":"","format":"standard","meta":{"footnotes":""},"categories":[36,23,22],"tags":[246],"class_list":["post-660394","post","type-post","status-publish","format-standard","has-post-thumbnail","hentry","category-hombresmujeresycosas","category-internacional","category-politica","tag-mexico"],"_links":{"self":[{"href":"https:\/\/diariodominicano.com\/index.php?rest_route=\/wp\/v2\/posts\/660394","targetHints":{"allow":["GET"]}}],"collection":[{"href":"https:\/\/diariodominicano.com\/index.php?rest_route=\/wp\/v2\/posts"}],"about":[{"href":"https:\/\/diariodominicano.com\/index.php?rest_route=\/wp\/v2\/types\/post"}],"author":[{"embeddable":true,"href":"https:\/\/diariodominicano.com\/index.php?rest_route=\/wp\/v2\/users\/2"}],"replies":[{"embeddable":true,"href":"https:\/\/diariodominicano.com\/index.php?rest_route=%2Fwp%2Fv2%2Fcomments&post=660394"}],"version-history":[{"count":2,"href":"https:\/\/diariodominicano.com\/index.php?rest_route=\/wp\/v2\/posts\/660394\/revisions"}],"predecessor-version":[{"id":660487,"href":"https:\/\/diariodominicano.com\/index.php?rest_route=\/wp\/v2\/posts\/660394\/revisions\/660487"}],"wp:featuredmedia":[{"embeddable":true,"href":"https:\/\/diariodominicano.com\/index.php?rest_route=\/wp\/v2\/media\/660395"}],"wp:attachment":[{"href":"https:\/\/diariodominicano.com\/index.php?rest_route=%2Fwp%2Fv2%2Fmedia&parent=660394"}],"wp:term":[{"taxonomy":"category","embeddable":true,"href":"https:\/\/diariodominicano.com\/index.php?rest_route=%2Fwp%2Fv2%2Fcategories&post=660394"},{"taxonomy":"post_tag","embeddable":true,"href":"https:\/\/diariodominicano.com\/index.php?rest_route=%2Fwp%2Fv2%2Ftags&post=660394"}],"curies":[{"name":"wp","href":"https:\/\/api.w.org\/{rel}","templated":true}]}}