{"id":66039,"date":"2012-03-21T15:58:03","date_gmt":"2012-03-21T15:58:03","guid":{"rendered":"http:\/\/diariodominicano.ddns.net\/?p=66039"},"modified":"2012-03-21T15:58:03","modified_gmt":"2012-03-21T15:58:03","slug":"la-verdad-es-redonda-de-ana-maria-nardo","status":"publish","type":"post","link":"https:\/\/diariodominicano.com\/?p=66039","title":{"rendered":"&#13;\u00bbLa verdad es redonda\u00bb, de Ana Mar\u00eda Nardo"},"content":{"rendered":"<p><body><\/p>\n<p>Santo Domingo RD 21 marzo (11: 50 am).- La artista pl\u00e1stica cubana, radicada en el pa\u00eds desde hace 15 a\u00f1os, pronto expondr\u00e1 su reciente trabajo en la Galer\u00eda Bodden.Los artistas se nutren de sus vivencias, y a veces toman prestadas las de otros, para nutrir la inspiraci\u00f3n o encontrar su musa. <\/p>\n<\/p>\n<p>Cuando emigran de su tierra natal hacia otras latitudes, como es el caso de la artista pl\u00e1stica cubana Ana Mar\u00eda Nardo, a los \u00absensores\u00bb art\u00edsticos se suman otras caracter\u00edsticas que enriquecen el lienzo donde dejan plasmados la nostalgia del pasado o de lo ausente, el color de la alegr\u00eda y las formas del porvenir.<\/p>\n<\/p>\n<p>En su pr\u00f3xima exposici\u00f3n, titulada \u00abLa verdad es redonda\u00bb, la cual se llevar\u00e1 a cabo en las instalaciones de la Galer\u00eda Bodden, Nardo hace uso de su conocimiento, talento e inspiraci\u00f3n para proponerle al espectador un discurso visual que llega a lo po\u00e9tico.<\/p>\n<\/p>\n<p>Y es que la mayor\u00eda de las transculturaciones pueden llegar a ser conflictivas y producen un drama humano por sin\u00e9resis, donde el pasado se convierte en la \u00fanica posibilidad del ser humano. Por ello, Ana se apropia de este pasado en su obra recre\u00e1ndolo e intentando que transcienda a un di\u00e1logo permanente con el tiempo. Su trabajo es una reconstrucci\u00f3n hist\u00f3rica-po\u00e9tica donde los personajes emergen del remolino de las transculturaciones; definitivamente, sus pensamientos est\u00e1n hurgando en el nuevo ser y su genealog\u00eda que lo relaciona con la verdadera historia del Caribe y su futuro, quiz\u00e1s globalizando. <\/p>\n<\/p>\n<p>En \u00abLa verdad es redonda\u00bb,  la cual ser\u00e1 inaugurada el viernes 23 de marzo y estar\u00e1 disponible hasta el 23 de abril, la artista muestra conceptualmente su presente basada en apariciones frecuentes de la flor de loto, que con su hermosura y redondez describe de manera misteriosa el mundo que le ha tocado vivir.<\/p>\n<\/p>\n<h6> 2012-03-21 15:58:03 <\/h6>\n<p><!--\n<link rel=\"stylesheet\" href=\"css\/bootstrap.min.css\">\n\n\n<ul class=\"pagination\">\n\t    \n\t\n\n<li >\n\t<a href='?page_no=17716'>Previous<\/a>\n\t<\/li>\n\n\n       \n    \n\n<li><a href='?page_no=1'>1<\/a><\/li>\n\n\n\n<li><a href='?page_no=2'>2<\/a><\/li>\n\n\n\n<li><a>...<\/a><\/li>\n\n\n\n<li><a href='?page_no=17715'>17715<\/a><\/li>\n\n\n\n<li><a href='?page_no=17716'>17716<\/a><\/li>\n\n\n\n<li class='active'><a>17717<\/a><\/li>\n\n\n\n<li><a href='?page_no=17718'>17718<\/a><\/li>\n\n\n\n<li><a href='?page_no=17719'>17719<\/a><\/li>\n\n\n\n<li><a>...<\/a><\/li>\n\n\n\n<li><a href='?page_no=22911'>22911<\/a><\/li>\n\n\n\n<li><a href='?page_no=22912'>22912<\/a><\/li>\n\n    \n\t\n\n<li >\n\t<a href='?page_no=17718'>Next<\/a>\n\t<\/li>\n\n\n    \n\n<li><a href='?page_no=22912'>Last &rsaquo;&rsaquo;<\/a><\/li>\n\n<\/ul>\n\n\n--><br \/>\n<\/body><\/p>\n","protected":false},"excerpt":{"rendered":"<p>Santo Domingo RD 21 marzo (11: 50 am).- La artista pl\u00e1stica cubana, radicada en el pa\u00eds desde hace 15 a\u00f1os, pronto expondr\u00e1 su reciente trabajo en la Galer\u00eda Bodden.Los artistas se nutren de sus vivencias, y a veces toman prestadas las de otros, para nutrir la inspiraci\u00f3n o encontrar su musa. Cuando emigran de su [&hellip;]<\/p>\n","protected":false},"author":3,"featured_media":0,"comment_status":"open","ping_status":"open","sticky":false,"template":"","format":"standard","meta":{"footnotes":""},"categories":[21],"tags":[],"class_list":["post-66039","post","type-post","status-publish","format-standard","hentry","category-cultura"],"_links":{"self":[{"href":"https:\/\/diariodominicano.com\/index.php?rest_route=\/wp\/v2\/posts\/66039","targetHints":{"allow":["GET"]}}],"collection":[{"href":"https:\/\/diariodominicano.com\/index.php?rest_route=\/wp\/v2\/posts"}],"about":[{"href":"https:\/\/diariodominicano.com\/index.php?rest_route=\/wp\/v2\/types\/post"}],"author":[{"embeddable":true,"href":"https:\/\/diariodominicano.com\/index.php?rest_route=\/wp\/v2\/users\/3"}],"replies":[{"embeddable":true,"href":"https:\/\/diariodominicano.com\/index.php?rest_route=%2Fwp%2Fv2%2Fcomments&post=66039"}],"version-history":[{"count":0,"href":"https:\/\/diariodominicano.com\/index.php?rest_route=\/wp\/v2\/posts\/66039\/revisions"}],"wp:attachment":[{"href":"https:\/\/diariodominicano.com\/index.php?rest_route=%2Fwp%2Fv2%2Fmedia&parent=66039"}],"wp:term":[{"taxonomy":"category","embeddable":true,"href":"https:\/\/diariodominicano.com\/index.php?rest_route=%2Fwp%2Fv2%2Fcategories&post=66039"},{"taxonomy":"post_tag","embeddable":true,"href":"https:\/\/diariodominicano.com\/index.php?rest_route=%2Fwp%2Fv2%2Ftags&post=66039"}],"curies":[{"name":"wp","href":"https:\/\/api.w.org\/{rel}","templated":true}]}}