{"id":660388,"date":"2026-01-16T00:55:36","date_gmt":"2026-01-16T04:55:36","guid":{"rendered":"https:\/\/diariodominicano.com\/?p=660388"},"modified":"2026-01-16T03:17:52","modified_gmt":"2026-01-16T07:17:52","slug":"la-oficina-judicial-de-servicios-de-atencion-permanente-de-santiago-impuso-prision-preventiva-a-imputado-de-asesinar-a-dos-ciudadanos-cobradores-encontrados-enterrados-en-santiago","status":"publish","type":"post","link":"https:\/\/diariodominicano.com\/?p=660388","title":{"rendered":"La Oficina Judicial de Servicios de Atenci\u00f3n Permanente de Santiago impone prisi\u00f3n preventiva a imputado de asesinar a dos ciudadanos cobradores encontrados enterrados en Santiago"},"content":{"rendered":"\n<p><strong>SANTIAGO (Rep\u00fablica Dominicana). \u2013<\/strong>&nbsp;Conforme al requerimiento hecho por el Ministerio P\u00fablico, el juez de la Oficina Judicial de Servicios de Atenci\u00f3n Permanente de Santiago impuso prisi\u00f3n preventiva a un hombre vinculado al asesinato de dos cobradores de una empresa de pr\u00e9stamos cuyos cad\u00e1veres fueron encontrados enterrados en una finca del sector Los Santana, en la carretera Don Pedro del municipio Licey al Medio.<\/p>\n\n\n\n<p>En la instancia, la Fiscal\u00eda de Santiago imputa a Dieupanou Jul\u00e9 (Jhonny), de 53 a\u00f1os de edad y de nacionalidad haitiana, estar implicado en la desaparici\u00f3n y asesinato de Reimy Tom\u00e1s Rodr\u00edguez Rojas y Rodolfo Mart\u00ednez Pallero, oriundos del municipio Nagua, en la provincia Mar\u00eda Trinidad S\u00e1nchez, quienes se trasladaron hasta el sector Los Santana para realizar labores de cobros el pasado 31 de diciembre del 2025.<\/p>\n\n\n\n<p>La fiscal Yarily Toribio, representando al \u00f3rgano acusador, present\u00f3 al tribunal, presidido por la jueza Wendy Tav\u00e1rez, los cargos provisionales por violaci\u00f3n a los art\u00edculos 265, 266, 295, 296, 297 y 302 del C\u00f3digo Penal Dominicano y el art\u00edculo 66 p\u00e1rrafo II de la Ley 631-16 para el Control y Regulaci\u00f3n de Armas, Municiones y Materiales Relacionados.<\/p>\n\n\n\n<p>Durante la investigaci\u00f3n las autoridades localizaron el veh\u00edculo Hyundai, modelo Sonata Y20, color mamey, en el que se trasladaban las v\u00edctimas y en cuya requisa se hallaron distintos objetos de inter\u00e9s, que fueron incorporados al conjunto de pruebas materiales.<\/p>\n\n\n\n<p>Los cuerpos de las v\u00edctimas fueron encontrados enterrados en una finca de pl\u00e1tanos, y sobre estos replantaron dos ejemplares de la plantaci\u00f3n, para impedir su hallazgo.<\/p>\n\n\n\n<p>La Fiscal\u00eda de Santiago ha podido establecer, durante el curso de la investigaci\u00f3n, que las v\u00edctimas llegaron la ma\u00f1ana del mi\u00e9rcoles 31 de diciembre del 2025 al lugar donde le dieron muerte y en cuyo sitio les esperaba el imputado, acompa\u00f1ado por otras personas en proceso de identificaci\u00f3n.<\/p>\n\n\n\n<p>Luego de provocarles la muerte, el imputado y sus c\u00f3mplices trasladaron a las v\u00edctimas hacia el platanal contiguo donde procedieron a excavar en la tierra y sepultar los cad\u00e1veres.<\/p>\n\n\n\n<p>El Ministerio P\u00fablico ha coordinado una serie de diligencias de investigaci\u00f3n a trav\u00e9s de las cuales se han obtenido im\u00e1genes de vigilancia con las que se ha logrado establecer el recorrido que las v\u00edctimas realizaron en Santiago y ha colectado otras evidencias materiales, testimoniales y periciales que considera de inter\u00e9s para el caso.<\/p>\n\n\n\n<p><strong>Direcci\u00f3n General de Comunicaci\u00f3n, Prensa, y RRPP<\/strong><strong><\/strong><\/p>\n\n\n\n<p>Ministerio P\u00fablico.&nbsp;R.D.<\/p>\n\n\n\n<p>Jueves, 15 de enero de 2026<\/p>\n","protected":false},"excerpt":{"rendered":"<p>SANTIAGO (Rep\u00fablica Dominicana). \u2013&nbsp;Conforme al requerimiento hecho por el Ministerio P\u00fablico, el juez de la Oficina Judicial de Servicios de Atenci\u00f3n Permanente de Santiago impuso prisi\u00f3n preventiva a un hombre vinculado al asesinato de dos cobradores de una empresa de pr\u00e9stamos cuyos cad\u00e1veres fueron encontrados enterrados en una finca del sector Los Santana, en la [&hellip;]<\/p>\n","protected":false},"author":2,"featured_media":340845,"comment_status":"closed","ping_status":"closed","sticky":false,"template":"","format":"standard","meta":{"footnotes":""},"categories":[24,29,27],"tags":[171],"class_list":["post-660388","post","type-post","status-publish","format-standard","has-post-thumbnail","hentry","category-justicia-y-derecho","category-policiasucesos","category-portada","tag-ministerio-publico"],"_links":{"self":[{"href":"https:\/\/diariodominicano.com\/index.php?rest_route=\/wp\/v2\/posts\/660388","targetHints":{"allow":["GET"]}}],"collection":[{"href":"https:\/\/diariodominicano.com\/index.php?rest_route=\/wp\/v2\/posts"}],"about":[{"href":"https:\/\/diariodominicano.com\/index.php?rest_route=\/wp\/v2\/types\/post"}],"author":[{"embeddable":true,"href":"https:\/\/diariodominicano.com\/index.php?rest_route=\/wp\/v2\/users\/2"}],"replies":[{"embeddable":true,"href":"https:\/\/diariodominicano.com\/index.php?rest_route=%2Fwp%2Fv2%2Fcomments&post=660388"}],"version-history":[{"count":2,"href":"https:\/\/diariodominicano.com\/index.php?rest_route=\/wp\/v2\/posts\/660388\/revisions"}],"predecessor-version":[{"id":660391,"href":"https:\/\/diariodominicano.com\/index.php?rest_route=\/wp\/v2\/posts\/660388\/revisions\/660391"}],"wp:featuredmedia":[{"embeddable":true,"href":"https:\/\/diariodominicano.com\/index.php?rest_route=\/wp\/v2\/media\/340845"}],"wp:attachment":[{"href":"https:\/\/diariodominicano.com\/index.php?rest_route=%2Fwp%2Fv2%2Fmedia&parent=660388"}],"wp:term":[{"taxonomy":"category","embeddable":true,"href":"https:\/\/diariodominicano.com\/index.php?rest_route=%2Fwp%2Fv2%2Fcategories&post=660388"},{"taxonomy":"post_tag","embeddable":true,"href":"https:\/\/diariodominicano.com\/index.php?rest_route=%2Fwp%2Fv2%2Ftags&post=660388"}],"curies":[{"name":"wp","href":"https:\/\/api.w.org\/{rel}","templated":true}]}}