{"id":66038,"date":"2012-03-21T15:58:34","date_gmt":"2012-03-21T15:58:34","guid":{"rendered":"http:\/\/diariodominicano.ddns.net\/?p=66038"},"modified":"2012-03-21T15:58:34","modified_gmt":"2012-03-21T15:58:34","slug":"cultura-ofrece-conferencia-magistral-sobre-constitucion-de-cadiz","status":"publish","type":"post","link":"https:\/\/diariodominicano.com\/?p=66038","title":{"rendered":"Cultura ofrece Conferencia Magistral sobre Constituci\u00f3n de C\u00e1diz"},"content":{"rendered":"<p><body><\/p>\n<p><img decoding=\"async\" src=\"img3\/Conferencista en funglodes.JPG\" \/><br \/><img decoding=\"async\" src=\"img3\/Conferencia en Funglodes.JPG\" \/><br \/><img decoding=\"async\" src=\"img3\/Conferencista.JPG\" \/>  <\/p>\n<p><span class=\"text1noticias\">La Conferencia forma parte del Ciclo Pre Inaugural de la Feria del Libro, y se enmarca en la conmemoraci\u00f3n del bicentenario de la Constituci\u00f3n de C\u00e1diz.<\/span><\/p>\n<\/p>\n<p><span class=\"text1noticias\">11:58 am, Santo Domingo, RD, 21 de marzo del 2012.- El Ministerio de cultura ofreci\u00f3  la conferencia magistral \u00abImpacto de la Constituci\u00f3n de C\u00e1diz en la vida cotidiana e institucional dominicana\u00bb, a cargo del acad\u00e9mico e historiador Wenceslao Vega, en el auditorio de la Fundaci\u00f3n Global Democracia y Desarrollo (Funglode), como parte  del Ciclo Pre Inaugural de la Feria del Libro, Santo Domingo 2012.<\/span><\/p>\n<\/p>\n<p><span class=\"text1noticias\">Vega hizo un recuento breve del impacto que tuvo dicha Carta Magna en los aspectos hist\u00f3ricos, jur\u00eddicos y pol\u00edticos, para Espa\u00f1a y Santo Domingo.<\/span><\/p>\n<\/p>\n<p><span class=\"text1noticias\">Destac\u00f3 que hist\u00f3ricamente represent\u00f3 un gran esfuerzo de democratizaci\u00f3n para los espa\u00f1oles,  dado que se estableci\u00f3 un r\u00e9gimen parlamentario.<\/span><\/p>\n<p><span class=\"text1noticias\"> <\/span><\/p>\n<p><span class=\"text1noticias\">\u00abDicha Constituci\u00f3n, sirvi\u00f3 para importantizar los derechos y prepar\u00f3 al pa\u00eds para la independencia; por esto, este texto debe ser estudiado m\u00e1s profundamente como parte de la historia dominicana\u00bb, concluy\u00f3 Vega.<\/span><\/p>\n<\/p>\n<p><span class=\"text1noticias\">Acompa\u00f1aron al conferencista, el historiador H\u00e9ctor Luis Mart\u00ednez, Marco Herrera, director de Funglode, Pedro Vald\u00e9z, director ejecutivo de la Feria del Libro, y el economista Bernardo Vega.<\/span><\/p>\n<\/p>\n<p><span class=\"text1noticias\">El Ciclo Preinaugural de la Feria continuar\u00e1 con la celebraci\u00f3n de \u00abLa Noche Brava del Libro\u00bb el mi\u00e9rcoles 28 de marzo, de 6 a 10 de la noche, en la Librer\u00eda de Cultura, con excepcionales descuentos y ofertas; mientras que del 10 al 17 de abril se realizar\u00e1 el Ciclo de Cine Centroamericano en la Cinemateca Dominicana. <\/span><\/p>\n<\/p>\n<p><span class=\"text1noticias\">El mi\u00e9rcoles 7 de abril, en la Librer\u00eda Cuesta, a las 6 de la tarde, se realizar\u00e1 el preferial de Narrativa; continuando el jueves 12 de abril, a las 6 de la tarde, con la presentaci\u00f3n de las obras literarias que las unidades editoriales del Ministerio de Cultura circular\u00e1n dentro del programa de la Feria del Libro. La tradicional actividad tendr\u00e1 lugar en la Sala de Arte Ram\u00f3n Oviedo.<\/span><\/p>\n<\/p>\n<p><span class=\"text1noticias\">Finalmente, el viernes 13 de abril, se clausurar\u00e1 el Ciclo Pre Inaugural de la Feria del Libro, con la presentaci\u00f3n de la obra \u00abDe cementerios, barones y tumbas. M\u00faltiples caras de la muerte en la cultura y la literatura dominicana\u00bb, de la autor\u00eda del reconocido investigador y escritor Franklin Guti\u00e9rrez, catedr\u00e1tico del York College, de New York.  El acto se llevar\u00e1  a cabo, a las 7:30 de la noche, en la Sala de la Cultura Aida Bonelly de D\u00edaz, del Teatro Nacional Eduardo Brito<\/span>.<\/p>\n<h6> 2012-03-21 15:58:34 <\/h6>\n<p><!--\n<link rel=\"stylesheet\" href=\"css\/bootstrap.min.css\">\n\n\n<ul class=\"pagination\">\n\t    \n\t\n\n<li >\n\t<a href='?page_no=17715'>Previous<\/a>\n\t<\/li>\n\n\n       \n    \n\n<li><a href='?page_no=1'>1<\/a><\/li>\n\n\n\n<li><a href='?page_no=2'>2<\/a><\/li>\n\n\n\n<li><a>...<\/a><\/li>\n\n\n\n<li><a href='?page_no=17714'>17714<\/a><\/li>\n\n\n\n<li><a href='?page_no=17715'>17715<\/a><\/li>\n\n\n\n<li class='active'><a>17716<\/a><\/li>\n\n\n\n<li><a href='?page_no=17717'>17717<\/a><\/li>\n\n\n\n<li><a href='?page_no=17718'>17718<\/a><\/li>\n\n\n\n<li><a>...<\/a><\/li>\n\n\n\n<li><a href='?page_no=22911'>22911<\/a><\/li>\n\n\n\n<li><a href='?page_no=22912'>22912<\/a><\/li>\n\n    \n\t\n\n<li >\n\t<a href='?page_no=17717'>Next<\/a>\n\t<\/li>\n\n\n    \n\n<li><a href='?page_no=22912'>Last &rsaquo;&rsaquo;<\/a><\/li>\n\n<\/ul>\n\n\n--><br \/>\n<\/body><\/p>\n","protected":false},"excerpt":{"rendered":"<p>La Conferencia forma parte del Ciclo Pre Inaugural de la Feria del Libro, y se enmarca en la conmemoraci\u00f3n del bicentenario de la Constituci\u00f3n de C\u00e1diz. 11:58 am, Santo Domingo, RD, 21 de marzo del 2012.- El Ministerio de cultura ofreci\u00f3 la conferencia magistral \u00abImpacto de la Constituci\u00f3n de C\u00e1diz en la vida cotidiana e [&hellip;]<\/p>\n","protected":false},"author":3,"featured_media":0,"comment_status":"open","ping_status":"open","sticky":false,"template":"","format":"standard","meta":{"footnotes":""},"categories":[21],"tags":[],"class_list":["post-66038","post","type-post","status-publish","format-standard","hentry","category-cultura"],"_links":{"self":[{"href":"https:\/\/diariodominicano.com\/index.php?rest_route=\/wp\/v2\/posts\/66038","targetHints":{"allow":["GET"]}}],"collection":[{"href":"https:\/\/diariodominicano.com\/index.php?rest_route=\/wp\/v2\/posts"}],"about":[{"href":"https:\/\/diariodominicano.com\/index.php?rest_route=\/wp\/v2\/types\/post"}],"author":[{"embeddable":true,"href":"https:\/\/diariodominicano.com\/index.php?rest_route=\/wp\/v2\/users\/3"}],"replies":[{"embeddable":true,"href":"https:\/\/diariodominicano.com\/index.php?rest_route=%2Fwp%2Fv2%2Fcomments&post=66038"}],"version-history":[{"count":0,"href":"https:\/\/diariodominicano.com\/index.php?rest_route=\/wp\/v2\/posts\/66038\/revisions"}],"wp:attachment":[{"href":"https:\/\/diariodominicano.com\/index.php?rest_route=%2Fwp%2Fv2%2Fmedia&parent=66038"}],"wp:term":[{"taxonomy":"category","embeddable":true,"href":"https:\/\/diariodominicano.com\/index.php?rest_route=%2Fwp%2Fv2%2Fcategories&post=66038"},{"taxonomy":"post_tag","embeddable":true,"href":"https:\/\/diariodominicano.com\/index.php?rest_route=%2Fwp%2Fv2%2Ftags&post=66038"}],"curies":[{"name":"wp","href":"https:\/\/api.w.org\/{rel}","templated":true}]}}