{"id":660377,"date":"2026-01-16T01:28:20","date_gmt":"2026-01-16T05:28:20","guid":{"rendered":"https:\/\/diariodominicano.com\/?p=660377"},"modified":"2026-01-16T03:36:51","modified_gmt":"2026-01-16T07:36:51","slug":"senador-gustavo-lara-rinde-cuentas-y-destaca-agenda-legislativa-orientada-al-desarrollo-integral-de-san-cristobal","status":"publish","type":"post","link":"https:\/\/diariodominicano.com\/?p=660377","title":{"rendered":"Senador Gustavo Lara rinde cuentas y destaca agenda legislativa orientada al desarrollo integral de San Crist\u00f3bal"},"content":{"rendered":"\n<p>SAN CRIST\u00d3BAL. \u2013 El senador de San Crist\u00f3bal, Gustavo Lara Salazar, present\u00f3 su primera rendici\u00f3n de cuentas como representante de su provincia ante el Senado de la Rep\u00fablica, durante un concurrido acto que reuni\u00f3 a las principales autoridades municipales y provinciales, l\u00edderes comunitarios y sectores sociales.<\/p>\n\n\n\n<p>En el encuentro, al que asisti\u00f3 el presidente del Senado, Ricardo de los Santos, y su esposa Judith Moscoso, el congresista reafirm\u00f3 su visi\u00f3n de impulsar a San Crist\u00f3bal hacia un futuro m\u00e1s pr\u00f3spero, moderno, seguro y humano, bajo el principio de que el desarrollo debe lograrse \u201csin dejar a nadie atr\u00e1s\u201d.<\/p>\n\n\n\n<figure class=\"wp-block-gallery has-nested-images columns-default is-cropped wp-block-gallery-1 is-layout-flex wp-block-gallery-is-layout-flex\">\n<figure class=\"wp-block-image size-large\"><img loading=\"lazy\" decoding=\"async\" width=\"1024\" height=\"682\" data-id=\"660384\" src=\"https:\/\/diariodominicano.com\/wp-content\/uploads\/2026\/01\/Senador-Gustavo-Lara-rinde-cuentas-y-destaca-agenda-legislativa-orientada-al-desarrollo-integral-SC-1024x682.jpeg\" alt=\"\" class=\"wp-image-660384\" srcset=\"https:\/\/diariodominicano.com\/wp-content\/uploads\/2026\/01\/Senador-Gustavo-Lara-rinde-cuentas-y-destaca-agenda-legislativa-orientada-al-desarrollo-integral-SC-1024x682.jpeg 1024w, https:\/\/diariodominicano.com\/wp-content\/uploads\/2026\/01\/Senador-Gustavo-Lara-rinde-cuentas-y-destaca-agenda-legislativa-orientada-al-desarrollo-integral-SC-300x200.jpeg 300w, https:\/\/diariodominicano.com\/wp-content\/uploads\/2026\/01\/Senador-Gustavo-Lara-rinde-cuentas-y-destaca-agenda-legislativa-orientada-al-desarrollo-integral-SC-768x511.jpeg 768w, https:\/\/diariodominicano.com\/wp-content\/uploads\/2026\/01\/Senador-Gustavo-Lara-rinde-cuentas-y-destaca-agenda-legislativa-orientada-al-desarrollo-integral-SC-816x543.jpeg 816w, https:\/\/diariodominicano.com\/wp-content\/uploads\/2026\/01\/Senador-Gustavo-Lara-rinde-cuentas-y-destaca-agenda-legislativa-orientada-al-desarrollo-integral-SC.jpeg 1280w\" sizes=\"auto, (max-width: 1024px) 100vw, 1024px\" \/><\/figure>\n<\/figure>\n\n\n\n<p>Lara Salazar explic\u00f3 que, durante el pasado a\u00f1o legislativo, promovi\u00f3 iniciativas modernas y necesarias desde su curul, concebidas para responder a los cambios globales y a las oportunidades que merece aprovechar la provincia. Se\u00f1al\u00f3 que muchas de estas propuestas nacen de las necesidades de San Crist\u00f3bal, pero est\u00e1n dise\u00f1adas para impactar positivamente a todo el pa\u00eds.<\/p>\n\n\n\n<p>Entre estas destac\u00f3 la ley que crea el \u201cPrograma para la formaci\u00f3n laboral pr\u00e1ctica de j\u00f3venes estudiantes t\u00e9cnicos y universitarios\u201d, que establece una cuota m\u00ednima anual del 2 % de la plantilla de personal en las entidades p\u00fablicas para pasant\u00edas, garantizando adem\u00e1s una compensaci\u00f3n econ\u00f3mica mensual equivalente al salario m\u00ednimo vigente.<\/p>\n\n\n\n<figure class=\"wp-block-gallery has-nested-images columns-default is-cropped wp-block-gallery-2 is-layout-flex wp-block-gallery-is-layout-flex\">\n<figure class=\"wp-block-image size-large\"><img loading=\"lazy\" decoding=\"async\" width=\"1024\" height=\"682\" data-id=\"660385\" src=\"https:\/\/diariodominicano.com\/wp-content\/uploads\/2026\/01\/Senador-Gustavo-Lara-rinde-cuentas-y-destaca-agenda-legislativa-orientada-desarrollo-integral-de-San-Cristobal-1024x682.jpeg\" alt=\"\" class=\"wp-image-660385\" srcset=\"https:\/\/diariodominicano.com\/wp-content\/uploads\/2026\/01\/Senador-Gustavo-Lara-rinde-cuentas-y-destaca-agenda-legislativa-orientada-desarrollo-integral-de-San-Cristobal-1024x682.jpeg 1024w, https:\/\/diariodominicano.com\/wp-content\/uploads\/2026\/01\/Senador-Gustavo-Lara-rinde-cuentas-y-destaca-agenda-legislativa-orientada-desarrollo-integral-de-San-Cristobal-300x200.jpeg 300w, https:\/\/diariodominicano.com\/wp-content\/uploads\/2026\/01\/Senador-Gustavo-Lara-rinde-cuentas-y-destaca-agenda-legislativa-orientada-desarrollo-integral-de-San-Cristobal-768x511.jpeg 768w, https:\/\/diariodominicano.com\/wp-content\/uploads\/2026\/01\/Senador-Gustavo-Lara-rinde-cuentas-y-destaca-agenda-legislativa-orientada-desarrollo-integral-de-San-Cristobal-816x543.jpeg 816w, https:\/\/diariodominicano.com\/wp-content\/uploads\/2026\/01\/Senador-Gustavo-Lara-rinde-cuentas-y-destaca-agenda-legislativa-orientada-desarrollo-integral-de-San-Cristobal.jpeg 1280w\" sizes=\"auto, (max-width: 1024px) 100vw, 1024px\" \/><\/figure>\n<\/figure>\n\n\n\n<p>Durante su gesti\u00f3n legislativa, el senador por la provincia San Crist\u00f3bal fue proponente o coproponente de importantes leyes, entre las que figuran la que declara la Reserva Antropol\u00f3gica Cuevas del Borb\u00f3n o de Pomier como Capital Rupestre de la Rep\u00fablica Dominicana; la que crea el Sistema de Registro P\u00fablico de Identificaci\u00f3n de T\u00e9cnicos y Profesionales; la que designa el Polideportivo Techado del municipio de San Crist\u00f3bal con el nombre de Douglas Miguel Hasb\u00fan Jos\u00e9; la que crea el Sistema Nacional de Bancos de Sangre y Donaci\u00f3n de Sangre; la Ley sobre Gesti\u00f3n de la Ciberseguridad; la Ley de Aguas de la Rep\u00fablica Dominicana, presentada junto al senador Dagoberto Rodr\u00edguez Adames; la Ley de Deportes Electr\u00f3nicos, sometida junto al senador Omar Fern\u00e1ndez, entre otras iniciativas.<\/p>\n\n\n\n<p>En el \u00e1mbito de las resoluciones, se destaca la que solicita al Servicio Nacional de Salud la transformaci\u00f3n del Hospital Dr. Rafael J. Ma\u00f1\u00f3n en un Hospital Materno Infantil; la que pide al Servicio Nacional de Salud la instalaci\u00f3n de un hospital intermunicipal en el distrito municipal de San Jos\u00e9 del Puerto, en Villa Altagracia.<br>Asimismo, mencion\u00f3 la resoluci\u00f3n que pide al Ministerio de Cultura la construcci\u00f3n del Museo de la Constituci\u00f3n; y la que impulsa la creaci\u00f3n del Grupo Parlamentario de Amistad entre el Senado de la Rep\u00fablica y el Parlamento de Kenia.<\/p>\n\n\n\n<p>El legislador subray\u00f3 que su gesti\u00f3n ha priorizado la salud, la educaci\u00f3n y la infraestructura, mediante acciones orientadas a mejorar servicios esenciales para la poblaci\u00f3n.<\/p>\n\n\n\n<p>En cuanto a su rol fiscalizador, explic\u00f3 que cuando lo aplica a las obras p\u00fablicas se sustenta en cuatro principios avance real y verificable de las obras en cada etapa, cumplimiento de los est\u00e1ndares de calidad, correcta orientaci\u00f3n de la inversi\u00f3n p\u00fablica y respeto a los plazos establecidos.<\/p>\n\n\n\n<p>Gustavo Lara Salazar inform\u00f3 que mantiene una gesti\u00f3n cercana con el contacto permanente con las comunidades de San Crist\u00f3bal, recibiendo semanalmente comisiones de ciudadanos para canalizar soluciones a las demandas de la provincia a trav\u00e9s de la Oficina de Gesti\u00f3n Senatorial.<\/p>\n\n\n\n<p>Entre los programas ejecutados, cit\u00f3 el Programa de Reparaci\u00f3n de Viviendas, con 40 casas intervenidas, y la Ruta de la Felicidad, iniciativa que lleva apoyo y alegr\u00eda a adultos y ni\u00f1os durante las festividades navide\u00f1as y el D\u00eda de Reyes.<\/p>\n\n\n\n<p>Presidente del Senado resalta trabajo de Gustavo Lara El presidente del Senado de la Rep\u00fablica, Ricardo de los Santos, afirm\u00f3 que la acci\u00f3n de rendir cuentas demuestra un gran compromiso del senador Gustavo Lara Salazar con la Constituci\u00f3n de la Rep\u00fablica y con su comunidad, as\u00ed como con realizar una gesti\u00f3n transparente y \u00e9tica.<\/p>\n\n\n\n<p>\u201cLe felicitamos, y les decimos a todos los sancristoberos, que tienen a un gran representante en el Senado de la Rep\u00fablica, en la persona de Gustavo Lara, que ha hecho un trabajo encomiable en todas sus tareas, tanto en comisiones como en el hemiciclo.<\/p>\n\n\n\n<p>Lo defini\u00f3 como un senador a tiempo completo y con una gran preocupaci\u00f3n por su provincia en un Senado que se ha caracterizado por ser altamente productivo.<\/p>\n\n\n\n<p>Puso el ejemplo del padre de la Patria, Juan Pablo Duarte, quien fue el primero en rendir cuentas, por su compromiso con la transparencia y el manejo pulcro de los fondos.<\/p>\n\n\n\n<p>El acto se desarroll\u00f3 en el Auditorio Menor del Instituto Polit\u00e9cnico Loyola, y cont\u00f3 con la presencia de los senadores Santiago Jos\u00e9 Zorrilla, de El Seibo; Pedro Catrain Bonilla, de Saman\u00e1; Aneudy Ortiz, de San Jos\u00e9 de Ocoa; la gobernadora provincial Pura Casilla; el alcalde de San Crist\u00f3bal, Nelson de la Rosa; Benny Metz, presidente del Consejo Nacional de Discapacidad (CONADIS); Vladimir Ruiz, presidente del Consejo Empresarial de San Crist\u00f3bal, entre otras personalidades.<\/p>\n","protected":false},"excerpt":{"rendered":"<p>SAN CRIST\u00d3BAL. \u2013 El senador de San Crist\u00f3bal, Gustavo Lara Salazar, present\u00f3 su primera rendici\u00f3n de cuentas como representante de su provincia ante el Senado de la Rep\u00fablica, durante un concurrido acto que reuni\u00f3 a las principales autoridades municipales y provinciales, l\u00edderes comunitarios y sectores sociales. En el encuentro, al que asisti\u00f3 el presidente del [&hellip;]<\/p>\n","protected":false},"author":7,"featured_media":660383,"comment_status":"closed","ping_status":"closed","sticky":false,"template":"","format":"standard","meta":{"footnotes":""},"categories":[22],"tags":[2359],"class_list":["post-660377","post","type-post","status-publish","format-standard","has-post-thumbnail","hentry","category-politica","tag-senado"],"_links":{"self":[{"href":"https:\/\/diariodominicano.com\/index.php?rest_route=\/wp\/v2\/posts\/660377","targetHints":{"allow":["GET"]}}],"collection":[{"href":"https:\/\/diariodominicano.com\/index.php?rest_route=\/wp\/v2\/posts"}],"about":[{"href":"https:\/\/diariodominicano.com\/index.php?rest_route=\/wp\/v2\/types\/post"}],"author":[{"embeddable":true,"href":"https:\/\/diariodominicano.com\/index.php?rest_route=\/wp\/v2\/users\/7"}],"replies":[{"embeddable":true,"href":"https:\/\/diariodominicano.com\/index.php?rest_route=%2Fwp%2Fv2%2Fcomments&post=660377"}],"version-history":[{"count":2,"href":"https:\/\/diariodominicano.com\/index.php?rest_route=\/wp\/v2\/posts\/660377\/revisions"}],"predecessor-version":[{"id":660407,"href":"https:\/\/diariodominicano.com\/index.php?rest_route=\/wp\/v2\/posts\/660377\/revisions\/660407"}],"wp:featuredmedia":[{"embeddable":true,"href":"https:\/\/diariodominicano.com\/index.php?rest_route=\/wp\/v2\/media\/660383"}],"wp:attachment":[{"href":"https:\/\/diariodominicano.com\/index.php?rest_route=%2Fwp%2Fv2%2Fmedia&parent=660377"}],"wp:term":[{"taxonomy":"category","embeddable":true,"href":"https:\/\/diariodominicano.com\/index.php?rest_route=%2Fwp%2Fv2%2Fcategories&post=660377"},{"taxonomy":"post_tag","embeddable":true,"href":"https:\/\/diariodominicano.com\/index.php?rest_route=%2Fwp%2Fv2%2Ftags&post=660377"}],"curies":[{"name":"wp","href":"https:\/\/api.w.org\/{rel}","templated":true}]}}