{"id":66037,"date":"2012-03-21T16:35:58","date_gmt":"2012-03-21T16:35:58","guid":{"rendered":"http:\/\/diariodominicano.ddns.net\/?p=66037"},"modified":"2012-03-21T16:35:58","modified_gmt":"2012-03-21T16:35:58","slug":"bolivia-celebra-dia-mundial-de-la-poesia","status":"publish","type":"post","link":"https:\/\/diariodominicano.com\/?p=66037","title":{"rendered":"Bolivia celebra D\u00eda Mundial de la Poes\u00eda"},"content":{"rendered":"<p><body><\/p>\n<p><span class=\"text1noticias\">\t \t <\/span><\/p>\n<p><span class=\"text1noticias\">12:36 pm, La Paz, 21 mar (PL).- Bolivia celebrar\u00e1 hoy el D\u00eda Mundial de la Poes\u00eda, con actividades en la mayor\u00eda de las grandes ciudades del pa\u00eds, vinculadas a los derechos humanos y con el apoyo del Ministerio de Culturas.<\/span><\/p>\n<\/p>\n<p><span class=\"text1noticias\">Los bolivianos, que festejan desde 2001 -a\u00f1o de su instauraci\u00f3n- la referida fecha en La Paz, la llevaron a todo el pa\u00eds desde 2011, lo cual repetir\u00e1n en esta oportunidad con actividades en El Alto, Cochabamba, Oruro, Potos\u00ed y Santa Cruz, por solo mencionar a las ciudades m\u00e1s pobladas.<\/span><\/p>\n<\/p>\n<p><span class=\"text1noticias\">En esta capital, desde horas muy tempranas, sesionar\u00e1 un coloquio sobre poes\u00eda y derechos humanos -en la sede del Ministerio de Culturas- con la presencias de destacadas personalidades de las letras en el pa\u00eds, que estar\u00e1 abierto a los estudiantes y al p\u00fablico en general.<\/span><\/p>\n<\/p>\n<p><span class=\"text1noticias\">Mientras, en horas de la noche se realizar\u00e1 un recital po\u00e9tico, en el cual participar\u00e1n grupos de declamadores, centros docentes y organizaciones de la capital y la vecina ciudad de El Alto.<\/span><\/p>\n<\/p>\n<p><span class=\"text1noticias\">En la gobernaci\u00f3n de Potos\u00ed, en horas vespertinas, tendr\u00e1 lugar una charla con el mismo tema que el pace\u00f1o, en tanto en Cochabamba, adem\u00e1s del conversatorio com\u00fan, habr\u00e1 feria, m\u00fasica y lectura de poemas.<\/span><\/p>\n<\/p>\n<p><span class=\"text1noticias\">Los festejos por la referida fecha, establecida por la Organizaci\u00f3n de las Naciones Unidad para la Educaci\u00f3n, la Ciencia y la Cultura (Unesco) desde 2001, comenzaron desde el pasado d\u00eda 19 y se extender\u00e1n hasta el 23, con el cierre en el Centro Boliviano-americano.<\/span><\/p>\n<\/p>\n<p><span class=\"text1noticias\">En el referido lugar, la Asociaci\u00f3n de Escritores organizar\u00e1 una lectura de poemas y declamaciones de autores locales, que pondr\u00e1 fin a las actividades por el D\u00eda Mundial de la Poes\u00eda.<\/span><\/p>\n<\/p>\n<p><span class=\"text1noticias\">Mientras, el viceministerio de Descolonizaci\u00f3n, involucrado en las festividades, recuerda antiguos testimonios de poes\u00eda aymara, quechua y guaran\u00ed en las propias recomendaciones orales para la vida, heredadas de los antepasados, lo cual ha hecho de la palabra hablada una t\u00e9cnica para el recuerdo<\/span>.<\/p>\n<h6> 2012-03-21 16:35:58 <\/h6>\n<p><!--\n<link rel=\"stylesheet\" href=\"css\/bootstrap.min.css\">\n\n\n<ul class=\"pagination\">\n\t    \n\t\n\n<li >\n\t<a href='?page_no=17714'>Previous<\/a>\n\t<\/li>\n\n\n       \n    \n\n<li><a href='?page_no=1'>1<\/a><\/li>\n\n\n\n<li><a href='?page_no=2'>2<\/a><\/li>\n\n\n\n<li><a>...<\/a><\/li>\n\n\n\n<li><a href='?page_no=17713'>17713<\/a><\/li>\n\n\n\n<li><a href='?page_no=17714'>17714<\/a><\/li>\n\n\n\n<li class='active'><a>17715<\/a><\/li>\n\n\n\n<li><a href='?page_no=17716'>17716<\/a><\/li>\n\n\n\n<li><a href='?page_no=17717'>17717<\/a><\/li>\n\n\n\n<li><a>...<\/a><\/li>\n\n\n\n<li><a href='?page_no=22911'>22911<\/a><\/li>\n\n\n\n<li><a href='?page_no=22912'>22912<\/a><\/li>\n\n    \n\t\n\n<li >\n\t<a href='?page_no=17716'>Next<\/a>\n\t<\/li>\n\n\n    \n\n<li><a href='?page_no=22912'>Last &rsaquo;&rsaquo;<\/a><\/li>\n\n<\/ul>\n\n\n--><br \/>\n<\/body><\/p>\n","protected":false},"excerpt":{"rendered":"<p>12:36 pm, La Paz, 21 mar (PL).- Bolivia celebrar\u00e1 hoy el D\u00eda Mundial de la Poes\u00eda, con actividades en la mayor\u00eda de las grandes ciudades del pa\u00eds, vinculadas a los derechos humanos y con el apoyo del Ministerio de Culturas. Los bolivianos, que festejan desde 2001 -a\u00f1o de su instauraci\u00f3n- la referida fecha en La [&hellip;]<\/p>\n","protected":false},"author":3,"featured_media":0,"comment_status":"open","ping_status":"open","sticky":false,"template":"","format":"standard","meta":{"footnotes":""},"categories":[21],"tags":[],"class_list":["post-66037","post","type-post","status-publish","format-standard","hentry","category-cultura"],"_links":{"self":[{"href":"https:\/\/diariodominicano.com\/index.php?rest_route=\/wp\/v2\/posts\/66037","targetHints":{"allow":["GET"]}}],"collection":[{"href":"https:\/\/diariodominicano.com\/index.php?rest_route=\/wp\/v2\/posts"}],"about":[{"href":"https:\/\/diariodominicano.com\/index.php?rest_route=\/wp\/v2\/types\/post"}],"author":[{"embeddable":true,"href":"https:\/\/diariodominicano.com\/index.php?rest_route=\/wp\/v2\/users\/3"}],"replies":[{"embeddable":true,"href":"https:\/\/diariodominicano.com\/index.php?rest_route=%2Fwp%2Fv2%2Fcomments&post=66037"}],"version-history":[{"count":0,"href":"https:\/\/diariodominicano.com\/index.php?rest_route=\/wp\/v2\/posts\/66037\/revisions"}],"wp:attachment":[{"href":"https:\/\/diariodominicano.com\/index.php?rest_route=%2Fwp%2Fv2%2Fmedia&parent=66037"}],"wp:term":[{"taxonomy":"category","embeddable":true,"href":"https:\/\/diariodominicano.com\/index.php?rest_route=%2Fwp%2Fv2%2Fcategories&post=66037"},{"taxonomy":"post_tag","embeddable":true,"href":"https:\/\/diariodominicano.com\/index.php?rest_route=%2Fwp%2Fv2%2Ftags&post=66037"}],"curies":[{"name":"wp","href":"https:\/\/api.w.org\/{rel}","templated":true}]}}