{"id":66036,"date":"2012-03-21T16:37:50","date_gmt":"2012-03-21T16:37:50","guid":{"rendered":"http:\/\/diariodominicano.ddns.net\/?p=66036"},"modified":"2012-03-21T16:37:50","modified_gmt":"2012-03-21T16:37:50","slug":"el-mundo-reverencia-a-las-musas-de-la-poesia","status":"publish","type":"post","link":"https:\/\/diariodominicano.com\/?p=66036","title":{"rendered":"El mundo reverencia a las musas de la poes\u00eda"},"content":{"rendered":"<p><body><\/p>\n<p><img decoding=\"async\" src=\"img3\/tintero florlibro.jpg\" \/>  <\/p>\n<p><span class=\"text1noticias\"> <\/span><\/p>\n<p><span class=\"text1noticias\">12:38 pm,  La Habana, 21 mar (PL).-  El mundo se inclina hoy ante la sombra an\u00f3nima o las efigies imborrables de los grandes bardos y, a\u00fan m\u00e1s, ante el alma universal y rec\u00f3ndita de la poes\u00eda, en un d\u00eda consagrado por la Unesco al arte de las musas Erato y Cal\u00edope.<\/span><\/p>\n<\/p>\n<p><span class=\"text1noticias\">De fiesta los oscuros autores del Cantar de los cantares, el Ramayana, el Kalevala, el Beowulf, Los nibelungos, La canci\u00f3n de Roland, el M\u00edo Cid o el Popol Vuh; y la deslumbrante presencia de Homero y Safo; Horacio y Virgilio; San Juan de la Cruz y Lorca; Schiller y H\u00f6lderling; Pushkin y Maiakovski; Hugo, Baudelaire y Rimbaud; Byron, Yeats y Elliot; Vallejo, Neruda, Lezama y Paz.<\/span><\/p>\n<\/p>\n<p><span class=\"text1noticias\">En todas latitudes y en todas las lenguas esta ser\u00e1 jornada de versos, de im\u00e1genes templadas o de pulso encabritado por violentos encabalgamientos; ser\u00e1 d\u00eda para revivir la juglaresca medieval; incluso estar\u00e1 permitido alg\u00fan marm\u00f3reo yambo de estirpe griega; y, por supuesto, abundar\u00e1 la iron\u00eda, el cinismo o la ingenuidad, la cita, el alarido o la mudez para cantarle a nuestro tiempo.<\/span><\/p>\n<\/p>\n<p><span class=\"text1noticias\">\u00abEs evidente que el D\u00eda Mundial de la Poes\u00eda es tambi\u00e9n una invitaci\u00f3n a reflexionar sobre el poder del lenguaje y el florecimiento de las capacidades creadoras de cada persona\u00bb, manifest\u00f3 en un mensaje especial Irina Bokova, directora general de la Organizaci\u00f3n de las Naciones Unidas para la Educaci\u00f3n la Ciencia y la Cultura (Unesco).<\/span><\/p>\n<\/p>\n<p><span class=\"text1noticias\">Ante las convulsiones de un mundo enfermo de estupidez, guerras y, en fin, mucho m\u00e1s de siete plagas, la ejecutiva no dud\u00f3 en hacer votos por la poes\u00eda, que -asegur\u00f3- \u00abcontribuye a la diversidad creativa, al cuestionar de forma renovada la manera en que usamos las palabras, nuestro modo de percibir e interpretar la realidad\u00bb.<\/span><\/p>\n<\/p>\n<p><span class=\"text1noticias\">Merced a sus asociaciones y met\u00e1foras, y a su gram\u00e1tica singular, el lenguaje po\u00e9tico constituye otra faceta del di\u00e1logo entre las culturas, a\u00f1adi\u00f3.<\/span><\/p>\n<\/p>\n<p><span class=\"text1noticias\">La celebraci\u00f3n de este 21 de marzo se acord\u00f3 en 1999, durante la 30 reuni\u00f3n de la Unesco, efectuada en Par\u00eds.<\/span><\/p>\n<\/p>\n<p><span class=\"text1noticias\">Entonces, los miembros del organismo internacional no solo proclamaron una fecha al a\u00f1o para festejar la m\u00e1s inasible de las artes, sino que apostaron -seg\u00fan reza el comunicado difundido tras aquella reuni\u00f3n- por el rescate de \u00abvalores ancestrales\u00bb y por la \u00abvuelta a la tradici\u00f3n oral y la aceptaci\u00f3n del habla como elemento socializador\u00bb.<\/span><\/p>\n<\/p>\n<p><span class=\"text1noticias\">El documento emitido por la organizaci\u00f3n multinacional se\u00f1ala la actual tendencia a desvalorizar en los medios de comunicaci\u00f3n el papel del poeta, y llama a reconocerle a la poes\u00eda su \u00abderecho de ciudadan\u00eda\u00bb en la sociedad contempor\u00e1nea<\/span>.<\/p>\n<h6> 2012-03-21 16:37:50 <\/h6>\n<p><!--\n<link rel=\"stylesheet\" href=\"css\/bootstrap.min.css\">\n\n\n<ul class=\"pagination\">\n\t    \n\t\n\n<li >\n\t<a href='?page_no=17713'>Previous<\/a>\n\t<\/li>\n\n\n       \n    \n\n<li><a href='?page_no=1'>1<\/a><\/li>\n\n\n\n<li><a href='?page_no=2'>2<\/a><\/li>\n\n\n\n<li><a>...<\/a><\/li>\n\n\n\n<li><a href='?page_no=17712'>17712<\/a><\/li>\n\n\n\n<li><a href='?page_no=17713'>17713<\/a><\/li>\n\n\n\n<li class='active'><a>17714<\/a><\/li>\n\n\n\n<li><a href='?page_no=17715'>17715<\/a><\/li>\n\n\n\n<li><a href='?page_no=17716'>17716<\/a><\/li>\n\n\n\n<li><a>...<\/a><\/li>\n\n\n\n<li><a href='?page_no=22911'>22911<\/a><\/li>\n\n\n\n<li><a href='?page_no=22912'>22912<\/a><\/li>\n\n    \n\t\n\n<li >\n\t<a href='?page_no=17715'>Next<\/a>\n\t<\/li>\n\n\n    \n\n<li><a href='?page_no=22912'>Last &rsaquo;&rsaquo;<\/a><\/li>\n\n<\/ul>\n\n\n--><br \/>\n<\/body><\/p>\n","protected":false},"excerpt":{"rendered":"<p>12:38 pm, La Habana, 21 mar (PL).- El mundo se inclina hoy ante la sombra an\u00f3nima o las efigies imborrables de los grandes bardos y, a\u00fan m\u00e1s, ante el alma universal y rec\u00f3ndita de la poes\u00eda, en un d\u00eda consagrado por la Unesco al arte de las musas Erato y Cal\u00edope. De fiesta los oscuros [&hellip;]<\/p>\n","protected":false},"author":3,"featured_media":0,"comment_status":"open","ping_status":"open","sticky":false,"template":"","format":"standard","meta":{"footnotes":""},"categories":[21],"tags":[],"class_list":["post-66036","post","type-post","status-publish","format-standard","hentry","category-cultura"],"_links":{"self":[{"href":"https:\/\/diariodominicano.com\/index.php?rest_route=\/wp\/v2\/posts\/66036","targetHints":{"allow":["GET"]}}],"collection":[{"href":"https:\/\/diariodominicano.com\/index.php?rest_route=\/wp\/v2\/posts"}],"about":[{"href":"https:\/\/diariodominicano.com\/index.php?rest_route=\/wp\/v2\/types\/post"}],"author":[{"embeddable":true,"href":"https:\/\/diariodominicano.com\/index.php?rest_route=\/wp\/v2\/users\/3"}],"replies":[{"embeddable":true,"href":"https:\/\/diariodominicano.com\/index.php?rest_route=%2Fwp%2Fv2%2Fcomments&post=66036"}],"version-history":[{"count":0,"href":"https:\/\/diariodominicano.com\/index.php?rest_route=\/wp\/v2\/posts\/66036\/revisions"}],"wp:attachment":[{"href":"https:\/\/diariodominicano.com\/index.php?rest_route=%2Fwp%2Fv2%2Fmedia&parent=66036"}],"wp:term":[{"taxonomy":"category","embeddable":true,"href":"https:\/\/diariodominicano.com\/index.php?rest_route=%2Fwp%2Fv2%2Fcategories&post=66036"},{"taxonomy":"post_tag","embeddable":true,"href":"https:\/\/diariodominicano.com\/index.php?rest_route=%2Fwp%2Fv2%2Ftags&post=66036"}],"curies":[{"name":"wp","href":"https:\/\/api.w.org\/{rel}","templated":true}]}}