{"id":66035,"date":"2012-03-21T16:42:05","date_gmt":"2012-03-21T16:42:05","guid":{"rendered":"http:\/\/diariodominicano.ddns.net\/?p=66035"},"modified":"2012-03-21T16:42:05","modified_gmt":"2012-03-21T16:42:05","slug":"griegos-rechazan-recortes-culturales-el-dia-mundial-de-poesia","status":"publish","type":"post","link":"https:\/\/diariodominicano.com\/?p=66035","title":{"rendered":"Griegos rechazan recortes culturales el D\u00eda mundial de Poes\u00eda"},"content":{"rendered":"<p><body><\/p>\n<p><img decoding=\"async\" src=\"img3\/grecia partenon.jpg\" \/>  <\/p>\n<p><span class=\"text1noticias\">12:42 pm, Atenas, 21 mar (PL).-  Poetas, escritores y activistas griegos marchar\u00e1n hoy, en el D\u00eda Mundial de la Poes\u00eda, hasta el Parlamento para protestar por la brutal pol\u00edtica de recortes aplicada contra la cultura, al amparo del acuerdo de pr\u00e9stamo impuesto desde Bruselas.<\/span><\/p>\n<\/p>\n<p><span class=\"text1noticias\">Seg\u00fan los organizadores, la convocatoria simboliza un compromiso \u00abcon la poes\u00eda y la primavera en las calles de Atenas\u00bb, para recuperar la esperanza y la resistencia de todos los ciudadanos \u00abdesconcertados, furiosos y desesperados\u00bb.<\/span><\/p>\n<\/p>\n<p><span class=\"text1noticias\">En el manifiesto, apoyado por cerca de un millar de escritores, acad\u00e9micos, intelectuales y editores, entre otros, se afirma que \u00abesta es una protesta en defensa de una cultura que ninguna crisis puede condenar, ni memorando alguno banalizar\u00bb.<\/span><\/p>\n<\/p>\n<p><span class=\"text1noticias\">La marcha, convocada por el C\u00edrculo de Poetas, instituciones culturales y diversas publicaciones literarias, recorrer\u00e1 algunas de las calles del centro de la capital bajo el lema \u00abLa poes\u00eda un arma contra la crisis\u00bb para llegar frente a la sede de la Asamblea nacional a mediod\u00eda.<\/span><\/p>\n<\/p>\n<p><span class=\"text1noticias\">Creadores y editores, as\u00ed como los empleados de las instituciones culturales griegas, se est\u00e1n viendo afectados de manera grave por los recortes presupuestarios aplicados por el gobierno y exigidos por los acreedores internacionales antes de conceder el pr\u00e9stamo financiero<\/span>.<\/p>\n<h6> 2012-03-21 16:42:05 <\/h6>\n<p><!--\n<link rel=\"stylesheet\" href=\"css\/bootstrap.min.css\">\n\n\n<ul class=\"pagination\">\n\t    \n\t\n\n<li >\n\t<a href='?page_no=17712'>Previous<\/a>\n\t<\/li>\n\n\n       \n    \n\n<li><a href='?page_no=1'>1<\/a><\/li>\n\n\n\n<li><a href='?page_no=2'>2<\/a><\/li>\n\n\n\n<li><a>...<\/a><\/li>\n\n\n\n<li><a href='?page_no=17711'>17711<\/a><\/li>\n\n\n\n<li><a href='?page_no=17712'>17712<\/a><\/li>\n\n\n\n<li class='active'><a>17713<\/a><\/li>\n\n\n\n<li><a href='?page_no=17714'>17714<\/a><\/li>\n\n\n\n<li><a href='?page_no=17715'>17715<\/a><\/li>\n\n\n\n<li><a>...<\/a><\/li>\n\n\n\n<li><a href='?page_no=22911'>22911<\/a><\/li>\n\n\n\n<li><a href='?page_no=22912'>22912<\/a><\/li>\n\n    \n\t\n\n<li >\n\t<a href='?page_no=17714'>Next<\/a>\n\t<\/li>\n\n\n    \n\n<li><a href='?page_no=22912'>Last &rsaquo;&rsaquo;<\/a><\/li>\n\n<\/ul>\n\n\n--><br \/>\n<\/body><\/p>\n","protected":false},"excerpt":{"rendered":"<p>12:42 pm, Atenas, 21 mar (PL).- Poetas, escritores y activistas griegos marchar\u00e1n hoy, en el D\u00eda Mundial de la Poes\u00eda, hasta el Parlamento para protestar por la brutal pol\u00edtica de recortes aplicada contra la cultura, al amparo del acuerdo de pr\u00e9stamo impuesto desde Bruselas. Seg\u00fan los organizadores, la convocatoria simboliza un compromiso \u00abcon la poes\u00eda [&hellip;]<\/p>\n","protected":false},"author":3,"featured_media":0,"comment_status":"open","ping_status":"open","sticky":false,"template":"","format":"standard","meta":{"footnotes":""},"categories":[21],"tags":[],"class_list":["post-66035","post","type-post","status-publish","format-standard","hentry","category-cultura"],"_links":{"self":[{"href":"https:\/\/diariodominicano.com\/index.php?rest_route=\/wp\/v2\/posts\/66035","targetHints":{"allow":["GET"]}}],"collection":[{"href":"https:\/\/diariodominicano.com\/index.php?rest_route=\/wp\/v2\/posts"}],"about":[{"href":"https:\/\/diariodominicano.com\/index.php?rest_route=\/wp\/v2\/types\/post"}],"author":[{"embeddable":true,"href":"https:\/\/diariodominicano.com\/index.php?rest_route=\/wp\/v2\/users\/3"}],"replies":[{"embeddable":true,"href":"https:\/\/diariodominicano.com\/index.php?rest_route=%2Fwp%2Fv2%2Fcomments&post=66035"}],"version-history":[{"count":0,"href":"https:\/\/diariodominicano.com\/index.php?rest_route=\/wp\/v2\/posts\/66035\/revisions"}],"wp:attachment":[{"href":"https:\/\/diariodominicano.com\/index.php?rest_route=%2Fwp%2Fv2%2Fmedia&parent=66035"}],"wp:term":[{"taxonomy":"category","embeddable":true,"href":"https:\/\/diariodominicano.com\/index.php?rest_route=%2Fwp%2Fv2%2Fcategories&post=66035"},{"taxonomy":"post_tag","embeddable":true,"href":"https:\/\/diariodominicano.com\/index.php?rest_route=%2Fwp%2Fv2%2Ftags&post=66035"}],"curies":[{"name":"wp","href":"https:\/\/api.w.org\/{rel}","templated":true}]}}