{"id":66034,"date":"2012-03-21T16:53:00","date_gmt":"2012-03-21T16:53:00","guid":{"rendered":"http:\/\/diariodominicano.ddns.net\/?p=66034"},"modified":"2012-03-21T16:53:00","modified_gmt":"2012-03-21T16:53:00","slug":"companias-de-seis-paises-viajan-a-cuba-para-temporada-de-teatro","status":"publish","type":"post","link":"https:\/\/diariodominicano.com\/?p=66034","title":{"rendered":"Compa\u00f1\u00edas de seis pa\u00edses viajan a Cuba para temporada de teatro"},"content":{"rendered":"<p><body><\/p>\n<p><span class=\"text1noticias\">12:53 pm, LA HABANA, 21 mar (Xinhua).- Grupos de artistas de Argentina, Brasil, Chile, Costa Rica, M\u00e9xico y Rep\u00fablica Dominicana confirmaron su participaci\u00f3n en la IX edici\u00f3n de la Temporada de Teatro Latinoamericano y Caribe\u00f1o \u00abMayo Teatral 2012\u00bb, prevista del 4 al 13 de mayo en La Habana. <\/span><\/p>\n<p><span class=\"text1noticias\">   Fuentes del Comit\u00e9 Organizador informaron hoy que el encuentro se caracterizar\u00e1 en esta edici\u00f3n por la novedad de sus propuestas y la amplia variedad de lenguajes, con 10 puestas en escena invitadas. <\/span><\/p>\n<p><span class=\"text1noticias\">   El evento, auspiciado por Casa de las Am\u00e9ricas, reunir\u00e1 una muestra representativa del variado quehacer de la escena latinoamericana y caribe\u00f1a actual, as\u00ed como una selecci\u00f3n de lo mejor estrenado en Cuba en el \u00faltimo bienio. <\/span><\/p>\n<p><span class=\"text1noticias\">   Tambi\u00e9n se presentar\u00e1 un Ciclo Pi\u00f1era, espacio dedicado al centenario del dramaturgo e intelectual cubano Virgilio Pi\u00f1era con puestas en escena de sus obras, a cargo de grupos y directores de la isla. <\/span><\/p>\n<p><span class=\"text1noticias\">   Paralelo a la muestra de espect\u00e1culos, algunos de los teatristas extranjeros ofrecer\u00e1n talleres. <\/span><\/p>\n<p><span class=\"text1noticias\">   La pasada versi\u00f3n de Mayo Teatral, en 2010, cont\u00f3 con la asistencia de compa\u00f1\u00edas de Argentina, Brasil, Colombia, Cuba, Per\u00fa, Uruguay y Puerto Rico, que presentaron 15 puestas en escena en m\u00e1s de 40 funciones<\/span>.<\/p>\n<h6> 2012-03-21 16:53:00 <\/h6>\n<p><!--\n<link rel=\"stylesheet\" href=\"css\/bootstrap.min.css\">\n\n\n<ul class=\"pagination\">\n\t    \n\t\n\n<li >\n\t<a href='?page_no=17711'>Previous<\/a>\n\t<\/li>\n\n\n       \n    \n\n<li><a href='?page_no=1'>1<\/a><\/li>\n\n\n\n<li><a href='?page_no=2'>2<\/a><\/li>\n\n\n\n<li><a>...<\/a><\/li>\n\n\n\n<li><a href='?page_no=17710'>17710<\/a><\/li>\n\n\n\n<li><a href='?page_no=17711'>17711<\/a><\/li>\n\n\n\n<li class='active'><a>17712<\/a><\/li>\n\n\n\n<li><a href='?page_no=17713'>17713<\/a><\/li>\n\n\n\n<li><a href='?page_no=17714'>17714<\/a><\/li>\n\n\n\n<li><a>...<\/a><\/li>\n\n\n\n<li><a href='?page_no=22911'>22911<\/a><\/li>\n\n\n\n<li><a href='?page_no=22912'>22912<\/a><\/li>\n\n    \n\t\n\n<li >\n\t<a href='?page_no=17713'>Next<\/a>\n\t<\/li>\n\n\n    \n\n<li><a href='?page_no=22912'>Last &rsaquo;&rsaquo;<\/a><\/li>\n\n<\/ul>\n\n\n--><br \/>\n<\/body><\/p>\n","protected":false},"excerpt":{"rendered":"<p>12:53 pm, LA HABANA, 21 mar (Xinhua).- Grupos de artistas de Argentina, Brasil, Chile, Costa Rica, M\u00e9xico y Rep\u00fablica Dominicana confirmaron su participaci\u00f3n en la IX edici\u00f3n de la Temporada de Teatro Latinoamericano y Caribe\u00f1o \u00abMayo Teatral 2012\u00bb, prevista del 4 al 13 de mayo en La Habana. Fuentes del Comit\u00e9 Organizador informaron hoy que [&hellip;]<\/p>\n","protected":false},"author":3,"featured_media":0,"comment_status":"open","ping_status":"open","sticky":false,"template":"","format":"standard","meta":{"footnotes":""},"categories":[21],"tags":[],"class_list":["post-66034","post","type-post","status-publish","format-standard","hentry","category-cultura"],"_links":{"self":[{"href":"https:\/\/diariodominicano.com\/index.php?rest_route=\/wp\/v2\/posts\/66034","targetHints":{"allow":["GET"]}}],"collection":[{"href":"https:\/\/diariodominicano.com\/index.php?rest_route=\/wp\/v2\/posts"}],"about":[{"href":"https:\/\/diariodominicano.com\/index.php?rest_route=\/wp\/v2\/types\/post"}],"author":[{"embeddable":true,"href":"https:\/\/diariodominicano.com\/index.php?rest_route=\/wp\/v2\/users\/3"}],"replies":[{"embeddable":true,"href":"https:\/\/diariodominicano.com\/index.php?rest_route=%2Fwp%2Fv2%2Fcomments&post=66034"}],"version-history":[{"count":0,"href":"https:\/\/diariodominicano.com\/index.php?rest_route=\/wp\/v2\/posts\/66034\/revisions"}],"wp:attachment":[{"href":"https:\/\/diariodominicano.com\/index.php?rest_route=%2Fwp%2Fv2%2Fmedia&parent=66034"}],"wp:term":[{"taxonomy":"category","embeddable":true,"href":"https:\/\/diariodominicano.com\/index.php?rest_route=%2Fwp%2Fv2%2Fcategories&post=66034"},{"taxonomy":"post_tag","embeddable":true,"href":"https:\/\/diariodominicano.com\/index.php?rest_route=%2Fwp%2Fv2%2Ftags&post=66034"}],"curies":[{"name":"wp","href":"https:\/\/api.w.org\/{rel}","templated":true}]}}