{"id":66033,"date":"2012-03-21T16:58:39","date_gmt":"2012-03-21T16:58:39","guid":{"rendered":"http:\/\/diariodominicano.ddns.net\/?p=66033"},"modified":"2012-03-21T16:58:39","modified_gmt":"2012-03-21T16:58:39","slug":"tras-largo-peregrinaje-obra-historica-de-consulta-llega-a-dominicana","status":"publish","type":"post","link":"https:\/\/diariodominicano.com\/?p=66033","title":{"rendered":"Tras largo peregrinaje, obra hist\u00f3rica de consulta llega a Dominicana\t \t \t &#13;"},"content":{"rendered":"<p><body><\/p>\n<p><img decoding=\"async\" src=\"img3\/esperanza desgarrada.jpg\" \/>  <\/p>\n<p><span class=\"text1noticias\">Por Elsy Fors Garzon<\/span><\/p>\n<\/p>\n<p><span class=\"text1noticias\">12:59 pm, Santo Domingo, 21 mar (PL).-  El libro La Esperanza Desgarrada, de Piero Gleijeses, lleg\u00f3 finalmente a Dominicana, donde sus lectores descubrir\u00e1n hechos poco conocidos de la gesta libertaria de 1965 y el entramado de la invasi\u00f3n estadounidense al pa\u00eds.<\/span><\/p>\n<\/p>\n<p><span class=\"text1noticias\">  Al presentar el volumen en el paraninfo de la Facultad de Ciencias Econ\u00f3micas y Sociales de la Universidad Aut\u00f3noma de Santo Domingo (UASD), el escritor y actor de aquella etapa de la historia nacional Hamlet Hermann revel\u00f3 que despu\u00e9s de su primera edici\u00f3n en M\u00e9xico 1980, en Cuba decidieron editar el ejemplar en 2011, con documentos desclasificados por Estados Unidos.<\/span><\/p>\n<\/p>\n<p><span class=\"text1noticias\">La Esperanza abarca el per\u00edodo comprendido entre el ajusticiamiento del dictador Rafael Le\u00f3nidas Trujillo (1930-1961) y la instauraci\u00f3n del gobierno de H\u00e9ctor Garc\u00eda Godoy, en especial la llamada Revoluci\u00f3n Constitucionalista y la invasi\u00f3n militar norteamericana.<\/span><\/p>\n<\/p>\n<p><span class=\"text1noticias\">El escritor italo-estadounidense Gleijeses vivi\u00f3 en Dominicana desde finales de la d\u00e9cada del 60 hasta principios del 70, etapa que someti\u00f3 a riguroso an\u00e1lisis y present\u00f3 su tesis de doctorado sobre este tema para luego convertirlo en el necesario compendio, avalado con documentos oficiales de Estados Unidos.<\/span><\/p>\n<\/p>\n<p><span class=\"text1noticias\">Cr\u00edticos aseguran que el tratado de unas 500 p\u00e1ginas es de consulta obligada no solo para estudiosos de la \u00e9poca y el tema, sino para todo dominicano que defienda su soberan\u00eda y conozca a quienes con espontaneidad la defendieron a\u00fan a cambio de sus propias vidas.<\/span><\/p>\n<\/p>\n<p><span class=\"text1noticias\">Interrogado por Prensa Latina, de por qu\u00e9 demor\u00f3 tantos a\u00f1os la llegada de su libro a Dominicana, Gleijeses respondi\u00f3 que \u00e9l mismo no se lo explica, pero revel\u00f3 que las editoriales dominicanas ninguna pod\u00eda hacerse cargo de la edici\u00f3n hasta que Hermann decidi\u00f3 financiar su impresi\u00f3n.<\/span><\/p>\n<\/p>\n<p><span class=\"text1noticias\">Desde que se puso el lunes pasado a la venta en la Librer\u00eda Cuesta, una de las principales de esta capital, varios ejemplares de La Esperanza Desgarrada hab\u00edan sido vendidos, <\/span><\/p>\n<\/p>\n<p><span class=\"text1noticias\">muestra de la avidez existente en el pa\u00eds de leer sobre estos asuntos.<\/span><\/p>\n<\/p>\n<p><span class=\"text1noticias\">Este mi\u00e9rcoles se realizar\u00e1 una presentaci\u00f3n-conversatorio de Gleijeses en la Sociedad Dominicana de la Historia, en su sede de la Ciudad Colonial.<\/span><\/p>\n<\/p>\n<p><span class=\"text1noticias\">Estuvieron presentes en la presentaci\u00f3n del tomo en la UASD, el rector de esa instituci\u00f3n, Mateo Aquino Febrillet, embajadores de los pa\u00edses de la Alianza Bolivariana para los pueblos de Nuestra Am\u00e9rica (ALBA), y los combatientes de la Revoluci\u00f3n cubana, Delio G\u00f3mez Ochoa y Jorge Risquet Vald\u00e9s, este \u00faltimo escribi\u00f3 el pr\u00f3logo de la obra<\/span>.<\/p>\n<h6> 2012-03-21 16:58:39 <\/h6>\n<p><!--\n<link rel=\"stylesheet\" href=\"css\/bootstrap.min.css\">\n\n\n<ul class=\"pagination\">\n\t    \n\t\n\n<li >\n\t<a href='?page_no=17710'>Previous<\/a>\n\t<\/li>\n\n\n       \n    \n\n<li><a href='?page_no=1'>1<\/a><\/li>\n\n\n\n<li><a href='?page_no=2'>2<\/a><\/li>\n\n\n\n<li><a>...<\/a><\/li>\n\n\n\n<li><a href='?page_no=17709'>17709<\/a><\/li>\n\n\n\n<li><a href='?page_no=17710'>17710<\/a><\/li>\n\n\n\n<li class='active'><a>17711<\/a><\/li>\n\n\n\n<li><a href='?page_no=17712'>17712<\/a><\/li>\n\n\n\n<li><a href='?page_no=17713'>17713<\/a><\/li>\n\n\n\n<li><a>...<\/a><\/li>\n\n\n\n<li><a href='?page_no=22911'>22911<\/a><\/li>\n\n\n\n<li><a href='?page_no=22912'>22912<\/a><\/li>\n\n    \n\t\n\n<li >\n\t<a href='?page_no=17712'>Next<\/a>\n\t<\/li>\n\n\n    \n\n<li><a href='?page_no=22912'>Last &rsaquo;&rsaquo;<\/a><\/li>\n\n<\/ul>\n\n\n--><br \/>\n<\/body><\/p>\n","protected":false},"excerpt":{"rendered":"<p>Por Elsy Fors Garzon 12:59 pm, Santo Domingo, 21 mar (PL).- El libro La Esperanza Desgarrada, de Piero Gleijeses, lleg\u00f3 finalmente a Dominicana, donde sus lectores descubrir\u00e1n hechos poco conocidos de la gesta libertaria de 1965 y el entramado de la invasi\u00f3n estadounidense al pa\u00eds. Al presentar el volumen en el paraninfo de la Facultad [&hellip;]<\/p>\n","protected":false},"author":3,"featured_media":0,"comment_status":"open","ping_status":"open","sticky":false,"template":"","format":"standard","meta":{"footnotes":""},"categories":[21],"tags":[],"class_list":["post-66033","post","type-post","status-publish","format-standard","hentry","category-cultura"],"_links":{"self":[{"href":"https:\/\/diariodominicano.com\/index.php?rest_route=\/wp\/v2\/posts\/66033","targetHints":{"allow":["GET"]}}],"collection":[{"href":"https:\/\/diariodominicano.com\/index.php?rest_route=\/wp\/v2\/posts"}],"about":[{"href":"https:\/\/diariodominicano.com\/index.php?rest_route=\/wp\/v2\/types\/post"}],"author":[{"embeddable":true,"href":"https:\/\/diariodominicano.com\/index.php?rest_route=\/wp\/v2\/users\/3"}],"replies":[{"embeddable":true,"href":"https:\/\/diariodominicano.com\/index.php?rest_route=%2Fwp%2Fv2%2Fcomments&post=66033"}],"version-history":[{"count":0,"href":"https:\/\/diariodominicano.com\/index.php?rest_route=\/wp\/v2\/posts\/66033\/revisions"}],"wp:attachment":[{"href":"https:\/\/diariodominicano.com\/index.php?rest_route=%2Fwp%2Fv2%2Fmedia&parent=66033"}],"wp:term":[{"taxonomy":"category","embeddable":true,"href":"https:\/\/diariodominicano.com\/index.php?rest_route=%2Fwp%2Fv2%2Fcategories&post=66033"},{"taxonomy":"post_tag","embeddable":true,"href":"https:\/\/diariodominicano.com\/index.php?rest_route=%2Fwp%2Fv2%2Ftags&post=66033"}],"curies":[{"name":"wp","href":"https:\/\/api.w.org\/{rel}","templated":true}]}}