{"id":66032,"date":"2012-03-21T18:15:02","date_gmt":"2012-03-21T18:15:02","guid":{"rendered":"http:\/\/diariodominicano.ddns.net\/?p=66032"},"modified":"2012-03-21T18:15:02","modified_gmt":"2012-03-21T18:15:02","slug":"ministerio-de-cultura-reconoce-a-japonesa-capellan-como-empleada-estrella-2011","status":"publish","type":"post","link":"https:\/\/diariodominicano.com\/?p=66032","title":{"rendered":"Ministerio de Cultura reconoce a Japonesa Capell\u00e1n como empleada estrella 2011"},"content":{"rendered":"<p><body><\/p>\n<p><img decoding=\"async\" src=\"img3\/japonesa.JPG\" \/>  <\/p>\n<p><span class=\"text1noticias\">Rep.Dom, 21 de Marzo 02:15 P.M.-En un acto encabezado por el Ministro de Cultura, fue reconocida la  JaponesaCapell\u00e1n, con la entrega de una Placa de Honor, como Empleada Estrella 2011, por su excelente servicio a la cultura dominicana, al frente de la Direcci\u00f3n de Turismo Cultural.<\/span><\/p>\n<\/p>\n<p><span class=\"text1noticias\">La Arq. Capell\u00e1n incansable trabajadora, ha puesto en alto la cultura para que sea reconocida como ofertas dentro del desarrollo del turismo en la Rep\u00fablica Dominicana, con la triada que identifica al Ministerio de gerencia, pasi\u00f3n y gesti\u00f3n.<\/span><\/p>\n<\/p>\n<p><span class=\"text1noticias\">El Ministerio de Cultura reconoci\u00f3 a 48 empleados dentro del total de sus empleados a nivel nacional.(HG)<\/span>.<\/p>\n<h6> 2012-03-21 18:15:02 <\/h6>\n<p><!--\n<link rel=\"stylesheet\" href=\"css\/bootstrap.min.css\">\n\n\n<ul class=\"pagination\">\n\t    \n\t\n\n<li >\n\t<a href='?page_no=17709'>Previous<\/a>\n\t<\/li>\n\n\n       \n    \n\n<li><a href='?page_no=1'>1<\/a><\/li>\n\n\n\n<li><a href='?page_no=2'>2<\/a><\/li>\n\n\n\n<li><a>...<\/a><\/li>\n\n\n\n<li><a href='?page_no=17708'>17708<\/a><\/li>\n\n\n\n<li><a href='?page_no=17709'>17709<\/a><\/li>\n\n\n\n<li class='active'><a>17710<\/a><\/li>\n\n\n\n<li><a href='?page_no=17711'>17711<\/a><\/li>\n\n\n\n<li><a href='?page_no=17712'>17712<\/a><\/li>\n\n\n\n<li><a>...<\/a><\/li>\n\n\n\n<li><a href='?page_no=22911'>22911<\/a><\/li>\n\n\n\n<li><a href='?page_no=22912'>22912<\/a><\/li>\n\n    \n\t\n\n<li >\n\t<a href='?page_no=17711'>Next<\/a>\n\t<\/li>\n\n\n    \n\n<li><a href='?page_no=22912'>Last &rsaquo;&rsaquo;<\/a><\/li>\n\n<\/ul>\n\n\n--><br \/>\n<\/body><\/p>\n","protected":false},"excerpt":{"rendered":"<p>Rep.Dom, 21 de Marzo 02:15 P.M.-En un acto encabezado por el Ministro de Cultura, fue reconocida la JaponesaCapell\u00e1n, con la entrega de una Placa de Honor, como Empleada Estrella 2011, por su excelente servicio a la cultura dominicana, al frente de la Direcci\u00f3n de Turismo Cultural. La Arq. Capell\u00e1n incansable trabajadora, ha puesto en alto [&hellip;]<\/p>\n","protected":false},"author":3,"featured_media":0,"comment_status":"open","ping_status":"open","sticky":false,"template":"","format":"standard","meta":{"footnotes":""},"categories":[21],"tags":[],"class_list":["post-66032","post","type-post","status-publish","format-standard","hentry","category-cultura"],"_links":{"self":[{"href":"https:\/\/diariodominicano.com\/index.php?rest_route=\/wp\/v2\/posts\/66032","targetHints":{"allow":["GET"]}}],"collection":[{"href":"https:\/\/diariodominicano.com\/index.php?rest_route=\/wp\/v2\/posts"}],"about":[{"href":"https:\/\/diariodominicano.com\/index.php?rest_route=\/wp\/v2\/types\/post"}],"author":[{"embeddable":true,"href":"https:\/\/diariodominicano.com\/index.php?rest_route=\/wp\/v2\/users\/3"}],"replies":[{"embeddable":true,"href":"https:\/\/diariodominicano.com\/index.php?rest_route=%2Fwp%2Fv2%2Fcomments&post=66032"}],"version-history":[{"count":0,"href":"https:\/\/diariodominicano.com\/index.php?rest_route=\/wp\/v2\/posts\/66032\/revisions"}],"wp:attachment":[{"href":"https:\/\/diariodominicano.com\/index.php?rest_route=%2Fwp%2Fv2%2Fmedia&parent=66032"}],"wp:term":[{"taxonomy":"category","embeddable":true,"href":"https:\/\/diariodominicano.com\/index.php?rest_route=%2Fwp%2Fv2%2Fcategories&post=66032"},{"taxonomy":"post_tag","embeddable":true,"href":"https:\/\/diariodominicano.com\/index.php?rest_route=%2Fwp%2Fv2%2Ftags&post=66032"}],"curies":[{"name":"wp","href":"https:\/\/api.w.org\/{rel}","templated":true}]}}