{"id":66031,"date":"2012-03-21T18:30:19","date_gmt":"2012-03-21T18:30:19","guid":{"rendered":"http:\/\/diariodominicano.ddns.net\/?p=66031"},"modified":"2012-03-21T18:30:19","modified_gmt":"2012-03-21T18:30:19","slug":"estudiantes-se-enfrentan-en-la-primera-jornada-de-la-iii-batalla-de-los-cuentos","status":"publish","type":"post","link":"https:\/\/diariodominicano.com\/?p=66031","title":{"rendered":"Estudiantes se enfrentan en la primera jornada de la III Batalla de los Cuentos"},"content":{"rendered":"<p><body><\/p>\n<p><img decoding=\"async\" src=\"http:\/\/localhost:8080\/img3\/estudiantes.JPG\" \/>  <\/p>\n<p><span class=\"text1noticias\">M\u00e1s de 400 adolescentes con edades comprendidas entre 13 y 18 a\u00f1os participan en este concurso que tiene como objetivo motivar a los j\u00f3venes a leer y a competir sanamente   <\/span><\/p>\n<\/p>\n<p><span class=\"text1noticias\">Rep.Dom, 21 de Marzo Nervios, entusiasmo y alegr\u00eda fueron algunas de las emociones expresadas  por los estudiantes que compiten en la tercera edici\u00f3n del certamen de lectura \u00abLa Batalla de los Cuentos\u00bb, que se desarrolla en la Biblioteca Infantil y Juvenil Rep\u00fablica Dominicana (BIJRD) con la participaci\u00f3n cientos de j\u00f3venes y adolescentes de diferentes planteles educativos.<\/span><\/p>\n<\/p>\n<p><span class=\"text1noticias\">Los equipos, cada uno con cuatro participantes, ocuparon todas las \u00e1reas de la BIJRD para completar el primer cuestionario de preguntas relacionadas con las obras y cuentos le\u00eddos hasta el momento en la competencia, las cuales se refer\u00edan a los personajes, la trama, el escritor, entre otros.<\/span><\/p>\n<\/p>\n<p><span class=\"text1noticias\">En esta primera etapa los j\u00f3venes leyeron los escritos de Juan Rulfo, Horacio Quiroga, Julio Cort\u00e1zar, Adolfo Bioy Casares y Gabriel Garc\u00eda M\u00e1rquez. <\/span><\/p>\n<\/p>\n<p><span class=\"text1noticias\">Leer, leer y leer es lo que han hecho los m\u00e1s de 400 participantes en esta competencia de lectura, con el prop\u00f3sito de aprender m\u00e1s acerca de la literatura nacional y latinoamericana y, por supuesto, obtener uno de los tres premios de esta Batalla de los Cuentos.<\/span><\/p>\n<\/p>\n<p><span class=\"text1noticias\">Los participantes en esta tercera versi\u00f3n de la Batalla de los Cuentos son estudiantes del bachillerato de diferentes centros educativos, entre los que se encuentran el Colegio Biling\u00fce New Horizons, la Escuela Primaria Rep\u00fablica de Brasil, el Liceo Estados Unidos de Am\u00e9rica, la Escuela Rep\u00fablica de Panam\u00e1, el Colegio San Pio X, el Instituto Polit\u00e9cnico Pilar Constanzo, el Colegio Evang\u00e9lico Central, el Polit\u00e9cnico Santa Ana, el Colegio Logos, entre otros.<\/span><\/p>\n<\/p>\n<p><span class=\"text1noticias\">Din\u00e1mica del concurso<\/span><\/p>\n<\/p>\n<p><span class=\"text1noticias\">En esta oportunidad est\u00e1n participando 120 equipos, cada uno de los cuales est\u00e1 integrado por cuatro participantes, que se enfrentan en dos rondas, donde juntos completan los cuestionarios acerca de las obras que leyeron. <\/span><\/p>\n<\/p>\n<p><span class=\"text1noticias\">En cada jornada se van sumando puntos, que luego permitir\u00e1 una selecci\u00f3n de los cuatro equipos con mayor puntuaci\u00f3n, que son los que participar\u00e1n en el careo final frente a un jurado compuesto por autores de las obras le\u00eddas. Este a\u00f1o los ganadores recibir\u00e1n mini laptops, Ipods y c\u00e1maras digitales.(HG)<\/span>.<\/p>\n<h6> 2012-03-21 18:30:19 <\/h6>\n<p><!--\n<link rel=\"stylesheet\" href=\"css\/bootstrap.min.css\">\n\n\n<ul class=\"pagination\">\n\t    \n\t\n\n<li >\n\t<a href='?page_no=17708'>Previous<\/a>\n\t<\/li>\n\n\n       \n    \n\n<li><a href='?page_no=1'>1<\/a><\/li>\n\n\n\n<li><a href='?page_no=2'>2<\/a><\/li>\n\n\n\n<li><a>...<\/a><\/li>\n\n\n\n<li><a href='?page_no=17707'>17707<\/a><\/li>\n\n\n\n<li><a href='?page_no=17708'>17708<\/a><\/li>\n\n\n\n<li class='active'><a>17709<\/a><\/li>\n\n\n\n<li><a href='?page_no=17710'>17710<\/a><\/li>\n\n\n\n<li><a href='?page_no=17711'>17711<\/a><\/li>\n\n\n\n<li><a>...<\/a><\/li>\n\n\n\n<li><a href='?page_no=22911'>22911<\/a><\/li>\n\n\n\n<li><a href='?page_no=22912'>22912<\/a><\/li>\n\n    \n\t\n\n<li >\n\t<a href='?page_no=17710'>Next<\/a>\n\t<\/li>\n\n\n    \n\n<li><a href='?page_no=22912'>Last &rsaquo;&rsaquo;<\/a><\/li>\n\n<\/ul>\n\n\n--><br \/>\n<\/body><\/p>\n","protected":false},"excerpt":{"rendered":"<p>M\u00e1s de 400 adolescentes con edades comprendidas entre 13 y 18 a\u00f1os participan en este concurso que tiene como objetivo motivar a los j\u00f3venes a leer y a competir sanamente Rep.Dom, 21 de Marzo Nervios, entusiasmo y alegr\u00eda fueron algunas de las emociones expresadas por los estudiantes que compiten en la tercera edici\u00f3n del certamen [&hellip;]<\/p>\n","protected":false},"author":3,"featured_media":0,"comment_status":"open","ping_status":"open","sticky":false,"template":"","format":"standard","meta":{"footnotes":""},"categories":[21],"tags":[],"class_list":["post-66031","post","type-post","status-publish","format-standard","hentry","category-cultura"],"_links":{"self":[{"href":"https:\/\/diariodominicano.com\/index.php?rest_route=\/wp\/v2\/posts\/66031","targetHints":{"allow":["GET"]}}],"collection":[{"href":"https:\/\/diariodominicano.com\/index.php?rest_route=\/wp\/v2\/posts"}],"about":[{"href":"https:\/\/diariodominicano.com\/index.php?rest_route=\/wp\/v2\/types\/post"}],"author":[{"embeddable":true,"href":"https:\/\/diariodominicano.com\/index.php?rest_route=\/wp\/v2\/users\/3"}],"replies":[{"embeddable":true,"href":"https:\/\/diariodominicano.com\/index.php?rest_route=%2Fwp%2Fv2%2Fcomments&post=66031"}],"version-history":[{"count":0,"href":"https:\/\/diariodominicano.com\/index.php?rest_route=\/wp\/v2\/posts\/66031\/revisions"}],"wp:attachment":[{"href":"https:\/\/diariodominicano.com\/index.php?rest_route=%2Fwp%2Fv2%2Fmedia&parent=66031"}],"wp:term":[{"taxonomy":"category","embeddable":true,"href":"https:\/\/diariodominicano.com\/index.php?rest_route=%2Fwp%2Fv2%2Fcategories&post=66031"},{"taxonomy":"post_tag","embeddable":true,"href":"https:\/\/diariodominicano.com\/index.php?rest_route=%2Fwp%2Fv2%2Ftags&post=66031"}],"curies":[{"name":"wp","href":"https:\/\/api.w.org\/{rel}","templated":true}]}}