{"id":660281,"date":"2026-01-15T01:14:27","date_gmt":"2026-01-15T05:14:27","guid":{"rendered":"https:\/\/diariodominicano.com\/?p=660281"},"modified":"2026-01-15T03:03:54","modified_gmt":"2026-01-15T07:03:54","slug":"resumen-ue-y-aliados-de-otan-se-unen-en-apoyo-a-groenlandia-en-medio-de-crecientes-tensiones-en-artico","status":"publish","type":"post","link":"https:\/\/diariodominicano.com\/?p=660281","title":{"rendered":"Resumen: UE y aliados de OTAN se unen en apoyo a Groenlandia en medio de crecientes tensiones en \u00c1rtico"},"content":{"rendered":"\n<p><em>spanish.news.cn<\/em>|<em>&nbsp;2026-01-15 04:34:15<\/em>|<\/p>\n\n\n\n<p>OSLO, 14 ene (Xinhua) &#8212; La Uni\u00f3n Europea (UE) y los aliados de la OTAN intensificaron su apoyo pol\u00edtico y militar para Groenlandia debido a la creciente preocupaci\u00f3n por la seguridad en el \u00c1rtico despu\u00e9s de las recientes declaraciones del presidente estadounidense, Donald Trump, sobre esta estrat\u00e9gicamente importante isla.<\/p>\n\n\n\n<p>El Ministerio de Defensa de Dinamarca confirm\u00f3 hoy que el pa\u00eds est\u00e1 aumentando su presencia militar en Groenlandia y en torno a ella, y que est\u00e1 trabajando de cerca con los aliados de la OTAN. De acuerdo con un bolet\u00edn de prensa, la presencia ampliada iniciada hoy incluye capacidades adicionales como barcos, aviones y soldados. El anuncio se produjo antes de la reuni\u00f3n en Washington entre Dinamarca, Groenlandia y Estados Unidos.<\/p>\n\n\n\n<p>\u00abEl prop\u00f3sito es desarrollar la capacidad para operar en las singulares condiciones del \u00c1rtico y fortalecer la huella de la alianza en el \u00c1rtico, lo que beneficia tanto la seguridad europea como trasatl\u00e1ntica\u00bb, indic\u00f3 el ministerio. El ministro de Defensa dan\u00e9s, Troels Lund Poulsen, describi\u00f3 la decisi\u00f3n como \u00abuna clara respuesta a los desaf\u00edos que el \u00c1rtico enfrenta\u00bb, y dijo que el Gobierno est\u00e1 comprometido a establecer \u00abuna presencia militar permanente y m\u00e1s grande\u00bb para Dinamarca y sus aliados de la OTAN en Groenlandia y en torno a ella.<\/p>\n\n\n\n<p>Las acciones de Dinamarca han estado acompa\u00f1adas por un apoyo concreto de los aliados de la OTAN. El primer ministro de Suecia, Ulf Kristersson, dijo hoy que su pa\u00eds envi\u00f3 personal militar a Groenlandia a petici\u00f3n de Dinamarca, y se\u00f1al\u00f3 que el despliegue est\u00e1 vinculado con los preparativos de la operaci\u00f3n \u00abResistencia \u00c1rtica\u00bb planeada por Dinamarca. Las Fuerzas Armadas de Suecia confirmaron que personal sueco se encuentra entre el contingente inicial que lleg\u00f3 a la isla.<\/p>\n\n\n\n<p>Noruega tambi\u00e9n ha aportado personal. En una conferencia de prensa ofrecida hoy con su hom\u00f3logo dan\u00e9s, el ministro de Defensa noruego, Tore Sandvik, dijo que su pa\u00eds enviar\u00e1 dos elementos militares a Groenlandia para \u00abtrazar la nueva cooperaci\u00f3n entre aliados\u00bb. Sandvik dijo adem\u00e1s que hay un di\u00e1logo en curso al interior de la OTAN sobre la manera de reforzar la seguridad en el \u00c1rtico, incluyendo a Groenlandia y sus alrededores.<\/p>\n\n\n\n<p>M\u00e1s all\u00e1 de los despliegues militares directos, se ha expreso el apoyo pol\u00edtico tanto a nivel nacional como a nivel de la UE. La secretaria de relaciones Exteriores brit\u00e1nica, Yvette Cooper, pidi\u00f3 hoy a la OTAN \u00abincrementar su presencia militar y de seguridad en el \u00c1rtico\u00bb y describi\u00f3 la regi\u00f3n como \u00abun frente de competencia geopol\u00edtica\u00bb.<\/p>\n\n\n\n<p>Los l\u00edderes del grupo pol\u00edtico del Parlamento Europeo condenaron hoy las declaraciones hechas por la administraci\u00f3n Trump en torno a Groenlandia y las describieron como un \u00abflagrante\u00bb desaf\u00edo al derecho internacional y la soberan\u00eda de Dinamarca, un miembro de la Organizaci\u00f3n del Tratado del Atl\u00e1ntico Norte (OTAN).<\/p>\n\n\n\n<p>Los l\u00edderes del grupo instaron a las instituciones de la UE a definir un apoyo \u00abconcreto y tangible\u00bb para Dinamarca y Groenlandia y enfatizaron que las decisiones relacionadas con Dinamarca y Groenlandia corresponden \u00fanicamente a Dinamarca y Groenlandia. \u00abLos intentos externos por alterar el statu quo son inaceptables\u00bb, se\u00f1alaron los l\u00edderes.<\/p>\n\n\n\n<p>Groenlandia es un territorio aut\u00f3nomo del reino de Dinamarca, aunque Copenhague tiene el control de la pol\u00edtica de defensa y exterior. Estados Unidos tiene una base militar en la isla. Desde que volvi\u00f3 a la presidencia en 2025, Trump ha expresado en repetidas ocasiones su deseo de \u00abobtener\u00bb Groenlandia para lo cual no ha descartado el uso de la fuerza.&nbsp;<\/p>\n","protected":false},"excerpt":{"rendered":"<p>spanish.news.cn|&nbsp;2026-01-15 04:34:15| OSLO, 14 ene (Xinhua) &#8212; La Uni\u00f3n Europea (UE) y los aliados de la OTAN intensificaron su apoyo pol\u00edtico y militar para Groenlandia debido a la creciente preocupaci\u00f3n por la seguridad en el \u00c1rtico despu\u00e9s de las recientes declaraciones del presidente estadounidense, Donald Trump, sobre esta estrat\u00e9gicamente importante isla. El Ministerio de Defensa [&hellip;]<\/p>\n","protected":false},"author":2,"featured_media":488687,"comment_status":"closed","ping_status":"closed","sticky":false,"template":"","format":"standard","meta":{"footnotes":""},"categories":[23,27],"tags":[4007,4017,673],"class_list":["post-660281","post","type-post","status-publish","format-standard","has-post-thumbnail","hentry","category-internacional","category-portada","tag-groenlandia","tag-otan","tag-ue"],"_links":{"self":[{"href":"https:\/\/diariodominicano.com\/index.php?rest_route=\/wp\/v2\/posts\/660281","targetHints":{"allow":["GET"]}}],"collection":[{"href":"https:\/\/diariodominicano.com\/index.php?rest_route=\/wp\/v2\/posts"}],"about":[{"href":"https:\/\/diariodominicano.com\/index.php?rest_route=\/wp\/v2\/types\/post"}],"author":[{"embeddable":true,"href":"https:\/\/diariodominicano.com\/index.php?rest_route=\/wp\/v2\/users\/2"}],"replies":[{"embeddable":true,"href":"https:\/\/diariodominicano.com\/index.php?rest_route=%2Fwp%2Fv2%2Fcomments&post=660281"}],"version-history":[{"count":1,"href":"https:\/\/diariodominicano.com\/index.php?rest_route=\/wp\/v2\/posts\/660281\/revisions"}],"predecessor-version":[{"id":660282,"href":"https:\/\/diariodominicano.com\/index.php?rest_route=\/wp\/v2\/posts\/660281\/revisions\/660282"}],"wp:featuredmedia":[{"embeddable":true,"href":"https:\/\/diariodominicano.com\/index.php?rest_route=\/wp\/v2\/media\/488687"}],"wp:attachment":[{"href":"https:\/\/diariodominicano.com\/index.php?rest_route=%2Fwp%2Fv2%2Fmedia&parent=660281"}],"wp:term":[{"taxonomy":"category","embeddable":true,"href":"https:\/\/diariodominicano.com\/index.php?rest_route=%2Fwp%2Fv2%2Fcategories&post=660281"},{"taxonomy":"post_tag","embeddable":true,"href":"https:\/\/diariodominicano.com\/index.php?rest_route=%2Fwp%2Fv2%2Ftags&post=660281"}],"curies":[{"name":"wp","href":"https:\/\/api.w.org\/{rel}","templated":true}]}}