{"id":66028,"date":"2012-03-22T14:19:46","date_gmt":"2012-03-22T14:19:46","guid":{"rendered":"http:\/\/diariodominicano.ddns.net\/?p=66028"},"modified":"2012-03-22T14:19:46","modified_gmt":"2012-03-22T14:19:46","slug":"feria-internacional-escritoras-rd-comienza-el-viernes-en-ny","status":"publish","type":"post","link":"https:\/\/diariodominicano.com\/?p=66028","title":{"rendered":"Feria Internacional Escritoras RD comienza el viernes en NY"},"content":{"rendered":"<p><body><\/p>\n<p><span class=\"text1noticias\">Nueva York, 22 marzo (10: 17 am).-La IX Feria Internacional del Libro de Escritoras Dominicanas en los Estados Unidos ser\u00e1 inaugurada este viernes en el marco de un acto en el teatro de Isabella Home Center, ubicado en el 515 de Audubon Av. esquina 190 ST. de Manhattan.<\/span><\/p>\n<\/p>\n<p><span class=\"text1noticias\">La apertura de la feria est\u00e1 pautada para las 7:00 de la noche.<\/span><\/p>\n<\/p>\n<p><span class=\"text1noticias\">Para el s\u00e1bado el desarrollo de la feria ser\u00e1 en el mismo lugar, mientras que el cierre ser\u00e1 el domingo en el Comisionado Dominicano de Cultura ubicado en el  541 West, 145 Street, 2do. Piso, casi esquina Broadway, Nueva York, NY, 10031. <\/span><\/p>\n<\/p>\n<p><span class=\"text1noticias\">De antemano se vaticina que ser\u00e1a uno de los eventos de mayor relevancia para el quehacer literario y cultural de las escritoras dominicanas residentes en New York.<\/span><\/p>\n<\/p>\n<p><span class=\"text1noticias\">La Feria es organizada por el Centro de Desarrollo de la Mujer Dominicana.  El s\u00e1bado y domingola feria presentar\u00e1 la obra mon\u00f3logo de la vagina a partir de las 7:PM, en el Comisionado de la Cultura.<\/span><\/p>\n<\/p>\n<p><span class=\"text1noticias\">En esta ocasi\u00f3n la feria ser\u00e1 un punto de encuentro de escritores de la di\u00e1spora, con invitados especiales de Puerto Rico, Venezuela, Canad\u00e1, Rep\u00fablica Dominicana y otros pa\u00edses.<\/span><\/p>\n<\/p>\n<p><span class=\"text1noticias\">Ser\u00e1 realizada bajo el lema \u00abLeyendo Escribimos Nuestras Vidas\u00bb y estar\u00e1 dedicada a la poetiza Osiris Mosquea, a la investigadora literaria Mary Eli Gratereaux, a la Directora del Programa de Educaci\u00f3n Internacional del Hostos Community College, Ana Isabel Garc\u00eda Reyes y a Sarah Aponte, catedr\u00e1tica y bibliotecaria del Instituto de Estudios Dominicanos del City College Of New York.<\/span><\/p>\n<\/p>\n<p><span class=\"text1noticias\">Tiene como invitada especial a la poeta y catedr\u00e1tica Miriam M\u00edreles de la Universidad de Maracay, Venezuela y rendir\u00e1 un homenaje especial por su talento y trayectoria de vida a la cantante y escritora Irka Mateo.(AD)<\/span>.<\/p>\n<\/p>\n<\/p>\n<h6> 2012-03-22 14:19:46 <\/h6>\n<p><!--\n<link rel=\"stylesheet\" href=\"css\/bootstrap.min.css\">\n\n\n<ul class=\"pagination\">\n\t    \n\t\n\n<li >\n\t<a href='?page_no=17705'>Previous<\/a>\n\t<\/li>\n\n\n       \n    \n\n<li><a href='?page_no=1'>1<\/a><\/li>\n\n\n\n<li><a href='?page_no=2'>2<\/a><\/li>\n\n\n\n<li><a>...<\/a><\/li>\n\n\n\n<li><a href='?page_no=17704'>17704<\/a><\/li>\n\n\n\n<li><a href='?page_no=17705'>17705<\/a><\/li>\n\n\n\n<li class='active'><a>17706<\/a><\/li>\n\n\n\n<li><a href='?page_no=17707'>17707<\/a><\/li>\n\n\n\n<li><a href='?page_no=17708'>17708<\/a><\/li>\n\n\n\n<li><a>...<\/a><\/li>\n\n\n\n<li><a href='?page_no=22911'>22911<\/a><\/li>\n\n\n\n<li><a href='?page_no=22912'>22912<\/a><\/li>\n\n    \n\t\n\n<li >\n\t<a href='?page_no=17707'>Next<\/a>\n\t<\/li>\n\n\n    \n\n<li><a href='?page_no=22912'>Last &rsaquo;&rsaquo;<\/a><\/li>\n\n<\/ul>\n\n\n--><br \/>\n<\/body><\/p>\n","protected":false},"excerpt":{"rendered":"<p>Nueva York, 22 marzo (10: 17 am).-La IX Feria Internacional del Libro de Escritoras Dominicanas en los Estados Unidos ser\u00e1 inaugurada este viernes en el marco de un acto en el teatro de Isabella Home Center, ubicado en el 515 de Audubon Av. esquina 190 ST. de Manhattan. La apertura de la feria est\u00e1 pautada [&hellip;]<\/p>\n","protected":false},"author":3,"featured_media":0,"comment_status":"open","ping_status":"open","sticky":false,"template":"","format":"standard","meta":{"footnotes":""},"categories":[21],"tags":[],"class_list":["post-66028","post","type-post","status-publish","format-standard","hentry","category-cultura"],"_links":{"self":[{"href":"https:\/\/diariodominicano.com\/index.php?rest_route=\/wp\/v2\/posts\/66028","targetHints":{"allow":["GET"]}}],"collection":[{"href":"https:\/\/diariodominicano.com\/index.php?rest_route=\/wp\/v2\/posts"}],"about":[{"href":"https:\/\/diariodominicano.com\/index.php?rest_route=\/wp\/v2\/types\/post"}],"author":[{"embeddable":true,"href":"https:\/\/diariodominicano.com\/index.php?rest_route=\/wp\/v2\/users\/3"}],"replies":[{"embeddable":true,"href":"https:\/\/diariodominicano.com\/index.php?rest_route=%2Fwp%2Fv2%2Fcomments&post=66028"}],"version-history":[{"count":0,"href":"https:\/\/diariodominicano.com\/index.php?rest_route=\/wp\/v2\/posts\/66028\/revisions"}],"wp:attachment":[{"href":"https:\/\/diariodominicano.com\/index.php?rest_route=%2Fwp%2Fv2%2Fmedia&parent=66028"}],"wp:term":[{"taxonomy":"category","embeddable":true,"href":"https:\/\/diariodominicano.com\/index.php?rest_route=%2Fwp%2Fv2%2Fcategories&post=66028"},{"taxonomy":"post_tag","embeddable":true,"href":"https:\/\/diariodominicano.com\/index.php?rest_route=%2Fwp%2Fv2%2Ftags&post=66028"}],"curies":[{"name":"wp","href":"https:\/\/api.w.org\/{rel}","templated":true}]}}