{"id":66026,"date":"2012-03-22T16:36:57","date_gmt":"2012-03-22T16:36:57","guid":{"rendered":"http:\/\/diariodominicano.ddns.net\/?p=66026"},"modified":"2012-03-22T16:36:57","modified_gmt":"2012-03-22T16:36:57","slug":"anuncian-carnaval-bayaguana-2012","status":"publish","type":"post","link":"https:\/\/diariodominicano.com\/?p=66026","title":{"rendered":"Anuncian Carnaval  Bayaguana 2012"},"content":{"rendered":"<p><body><\/p>\n<p><span class=\"text1noticias\">Santo Domingo RD 22 marzo (12: 41 pm.- El comit\u00e9 organizador del Carnaval Bayaguana 2012 ofreci\u00f3 los detalles de las novedades que trae este a\u00f1o el tradicional y esperado carnaval en esta cuarta versi\u00f3n, que se realizar\u00e1  del 22 al 25 del mes en curso.<\/span><\/p>\n<\/p>\n<p><span class=\"text1noticias\">El anuncio lo hizo Omar Contreras, presidente de la Fundaci\u00f3n por un Bayaguana Mejor, quien destac\u00f3 el nacimiento de este carnaval creado con la finalidad de lograr la  expansi\u00f3n de la cultura de Bayaguana.<\/span><\/p>\n<\/p>\n<p><span class=\"text1noticias\">\u00abLa Fundaci\u00f3n por un Bayaguana Mejor es una entidad con miras a la difusi\u00f3n de los valores que caracterizan al municipio de Bayaguana y los elementos que los distinguen, que cree fielmente en el carnaval como herramienta de desarrollo cultural y social, lo que permite disfrutar en su carnaval 2012 de un deslumbrante desfile cargado de colores, bailes y alegr\u00eda\u00bb, destac\u00f3 Ana   Contreras.<\/span><\/p>\n<\/p>\n<p><span class=\"text1noticias\">La actividad est\u00e1 bajo la direcci\u00f3n de Contreras, directora de eventos de la Fundaci\u00f3n, quien destac\u00f3 el apoyo de los habitantes de Bayaguana, las empresas patrocinadoras y a las comparsas de otras regiones que se dan cita a una de las festividades m\u00e1s lindas y coloridas con que cuenta Bayaguana.(AD)<\/span>.<\/p>\n<\/p>\n<\/p>\n<h6> 2012-03-22 16:36:57 <\/h6>\n<p><!--\n<link rel=\"stylesheet\" href=\"css\/bootstrap.min.css\">\n\n\n<ul class=\"pagination\">\n\t    \n\t\n\n<li >\n\t<a href='?page_no=17703'>Previous<\/a>\n\t<\/li>\n\n\n       \n    \n\n<li><a href='?page_no=1'>1<\/a><\/li>\n\n\n\n<li><a href='?page_no=2'>2<\/a><\/li>\n\n\n\n<li><a>...<\/a><\/li>\n\n\n\n<li><a href='?page_no=17702'>17702<\/a><\/li>\n\n\n\n<li><a href='?page_no=17703'>17703<\/a><\/li>\n\n\n\n<li class='active'><a>17704<\/a><\/li>\n\n\n\n<li><a href='?page_no=17705'>17705<\/a><\/li>\n\n\n\n<li><a href='?page_no=17706'>17706<\/a><\/li>\n\n\n\n<li><a>...<\/a><\/li>\n\n\n\n<li><a href='?page_no=22911'>22911<\/a><\/li>\n\n\n\n<li><a href='?page_no=22912'>22912<\/a><\/li>\n\n    \n\t\n\n<li >\n\t<a href='?page_no=17705'>Next<\/a>\n\t<\/li>\n\n\n    \n\n<li><a href='?page_no=22912'>Last &rsaquo;&rsaquo;<\/a><\/li>\n\n<\/ul>\n\n\n--><br \/>\n<\/body><\/p>\n","protected":false},"excerpt":{"rendered":"<p>Santo Domingo RD 22 marzo (12: 41 pm.- El comit\u00e9 organizador del Carnaval Bayaguana 2012 ofreci\u00f3 los detalles de las novedades que trae este a\u00f1o el tradicional y esperado carnaval en esta cuarta versi\u00f3n, que se realizar\u00e1 del 22 al 25 del mes en curso. El anuncio lo hizo Omar Contreras, presidente de la Fundaci\u00f3n [&hellip;]<\/p>\n","protected":false},"author":3,"featured_media":0,"comment_status":"open","ping_status":"open","sticky":false,"template":"","format":"standard","meta":{"footnotes":""},"categories":[21],"tags":[],"class_list":["post-66026","post","type-post","status-publish","format-standard","hentry","category-cultura"],"_links":{"self":[{"href":"https:\/\/diariodominicano.com\/index.php?rest_route=\/wp\/v2\/posts\/66026","targetHints":{"allow":["GET"]}}],"collection":[{"href":"https:\/\/diariodominicano.com\/index.php?rest_route=\/wp\/v2\/posts"}],"about":[{"href":"https:\/\/diariodominicano.com\/index.php?rest_route=\/wp\/v2\/types\/post"}],"author":[{"embeddable":true,"href":"https:\/\/diariodominicano.com\/index.php?rest_route=\/wp\/v2\/users\/3"}],"replies":[{"embeddable":true,"href":"https:\/\/diariodominicano.com\/index.php?rest_route=%2Fwp%2Fv2%2Fcomments&post=66026"}],"version-history":[{"count":0,"href":"https:\/\/diariodominicano.com\/index.php?rest_route=\/wp\/v2\/posts\/66026\/revisions"}],"wp:attachment":[{"href":"https:\/\/diariodominicano.com\/index.php?rest_route=%2Fwp%2Fv2%2Fmedia&parent=66026"}],"wp:term":[{"taxonomy":"category","embeddable":true,"href":"https:\/\/diariodominicano.com\/index.php?rest_route=%2Fwp%2Fv2%2Fcategories&post=66026"},{"taxonomy":"post_tag","embeddable":true,"href":"https:\/\/diariodominicano.com\/index.php?rest_route=%2Fwp%2Fv2%2Ftags&post=66026"}],"curies":[{"name":"wp","href":"https:\/\/api.w.org\/{rel}","templated":true}]}}