{"id":66025,"date":"2012-03-22T18:55:34","date_gmt":"2012-03-22T18:55:34","guid":{"rendered":"http:\/\/diariodominicano.ddns.net\/?p=66025"},"modified":"2012-03-22T18:55:34","modified_gmt":"2012-03-22T18:55:34","slug":"libreria-de-cultura-abre-espacio-para-los-amantes-del-cine-2","status":"publish","type":"post","link":"https:\/\/diariodominicano.com\/?p=66025","title":{"rendered":"Librer\u00eda de Cultura abre espacio para los amantes del cine"},"content":{"rendered":"<p><body><\/p>\n<p><img decoding=\"async\" src=\"img3\/cineasta.JPG\" \/>  <\/p>\n<p><span class=\"text1noticias\">Rep.Dom, 22 de Marzo 02:55 P.M.-El Ministerio de Cultura ha inaugurado una nueva propuesta cultural, esta vez, para todos los amantes del cine; se trata del cineforum \u00abTinta y Luz\u00bb, el cual se desarrolla, quincenalmente, en la Librer\u00eda de Cultura.<\/span><\/p>\n<\/p>\n<p><span class=\"text1noticias\">\u00abTinta y Luz\u00bb es un espacio destinado a la proyecci\u00f3n de pel\u00edculas y la discusi\u00f3n de las mismas por parte del p\u00fablico participante; en cada encuentro contar\u00e1 con la moderaci\u00f3n de cr\u00edticos de cine y personalidades relacionadas al mundo de la cinematograf\u00eda.<\/span><\/p>\n<\/p>\n<p><span class=\"text1noticias\">En la primera entrega se proyect\u00f3 la pel\u00edcula Cinema Paradiso, del director Giuseppe Tornatore, y cont\u00f3 con la moderaci\u00f3n del cr\u00edtico de cine Jos\u00e9 Luis S\u00e1ez. <\/span><\/p>\n<\/p>\n<p><span class=\"text1noticias\">La pr\u00f3xima cita ser\u00e1 este s\u00e1bado 24 de marzo, a las 6 pm., con la proyecci\u00f3n de \u00abTaxi Driver\u00bb, cl\u00e1sico del cine norteamericano, dirigido por Martin Scorsese; y en esta ocasi\u00f3n, la moderaci\u00f3n estar\u00e1 a cargo del cr\u00edtico de cine Armando Alm\u00e1nzar Rodr\u00edguez. <\/span><\/p>\n<\/p>\n<p><span class=\"text1noticias\">El Cinef\u00f3rum Tinta y Luz, programa de la Librer\u00eda de Cultura, es coordinado por Edgar S\u00e1nchez y se realiza cada 15 d\u00edas, en la Librer\u00eda de Cultura (calle Las Atarazanas, No. 2, Ciudad Colonial), la entrada es gratuita.(HG)<\/span>.<\/p>\n<h6> 2012-03-22 18:55:34 <\/h6>\n<p><!--\n<link rel=\"stylesheet\" href=\"css\/bootstrap.min.css\">\n\n\n<ul class=\"pagination\">\n\t    \n\t\n\n<li >\n\t<a href='?page_no=17702'>Previous<\/a>\n\t<\/li>\n\n\n       \n    \n\n<li><a href='?page_no=1'>1<\/a><\/li>\n\n\n\n<li><a href='?page_no=2'>2<\/a><\/li>\n\n\n\n<li><a>...<\/a><\/li>\n\n\n\n<li><a href='?page_no=17701'>17701<\/a><\/li>\n\n\n\n<li><a href='?page_no=17702'>17702<\/a><\/li>\n\n\n\n<li class='active'><a>17703<\/a><\/li>\n\n\n\n<li><a href='?page_no=17704'>17704<\/a><\/li>\n\n\n\n<li><a href='?page_no=17705'>17705<\/a><\/li>\n\n\n\n<li><a>...<\/a><\/li>\n\n\n\n<li><a href='?page_no=22911'>22911<\/a><\/li>\n\n\n\n<li><a href='?page_no=22912'>22912<\/a><\/li>\n\n    \n\t\n\n<li >\n\t<a href='?page_no=17704'>Next<\/a>\n\t<\/li>\n\n\n    \n\n<li><a href='?page_no=22912'>Last &rsaquo;&rsaquo;<\/a><\/li>\n\n<\/ul>\n\n\n--><br \/>\n<\/body><\/p>\n","protected":false},"excerpt":{"rendered":"<p>Rep.Dom, 22 de Marzo 02:55 P.M.-El Ministerio de Cultura ha inaugurado una nueva propuesta cultural, esta vez, para todos los amantes del cine; se trata del cineforum \u00abTinta y Luz\u00bb, el cual se desarrolla, quincenalmente, en la Librer\u00eda de Cultura. \u00abTinta y Luz\u00bb es un espacio destinado a la proyecci\u00f3n de pel\u00edculas y la discusi\u00f3n [&hellip;]<\/p>\n","protected":false},"author":3,"featured_media":0,"comment_status":"open","ping_status":"open","sticky":false,"template":"","format":"standard","meta":{"footnotes":""},"categories":[21],"tags":[],"class_list":["post-66025","post","type-post","status-publish","format-standard","hentry","category-cultura"],"_links":{"self":[{"href":"https:\/\/diariodominicano.com\/index.php?rest_route=\/wp\/v2\/posts\/66025","targetHints":{"allow":["GET"]}}],"collection":[{"href":"https:\/\/diariodominicano.com\/index.php?rest_route=\/wp\/v2\/posts"}],"about":[{"href":"https:\/\/diariodominicano.com\/index.php?rest_route=\/wp\/v2\/types\/post"}],"author":[{"embeddable":true,"href":"https:\/\/diariodominicano.com\/index.php?rest_route=\/wp\/v2\/users\/3"}],"replies":[{"embeddable":true,"href":"https:\/\/diariodominicano.com\/index.php?rest_route=%2Fwp%2Fv2%2Fcomments&post=66025"}],"version-history":[{"count":0,"href":"https:\/\/diariodominicano.com\/index.php?rest_route=\/wp\/v2\/posts\/66025\/revisions"}],"wp:attachment":[{"href":"https:\/\/diariodominicano.com\/index.php?rest_route=%2Fwp%2Fv2%2Fmedia&parent=66025"}],"wp:term":[{"taxonomy":"category","embeddable":true,"href":"https:\/\/diariodominicano.com\/index.php?rest_route=%2Fwp%2Fv2%2Fcategories&post=66025"},{"taxonomy":"post_tag","embeddable":true,"href":"https:\/\/diariodominicano.com\/index.php?rest_route=%2Fwp%2Fv2%2Ftags&post=66025"}],"curies":[{"name":"wp","href":"https:\/\/api.w.org\/{rel}","templated":true}]}}