{"id":66024,"date":"2012-03-22T20:48:32","date_gmt":"2012-03-22T20:48:32","guid":{"rendered":"http:\/\/diariodominicano.ddns.net\/?p=66024"},"modified":"2012-03-22T20:48:32","modified_gmt":"2012-03-22T20:48:32","slug":"la-uasd-relanza-su-periodico-impreso-el-universitario-el-cual-tendra-ademas-su-pagina-web","status":"publish","type":"post","link":"https:\/\/diariodominicano.com\/?p=66024","title":{"rendered":"La UASD relanza su peri\u00f3dico impreso \u00abEl Universitario\u00bb el cual tendr\u00e1 adem\u00e1s su p\u00e1gina Web"},"content":{"rendered":"<p><body><\/p>\n<p><img decoding=\"async\" src=\"img3\/universitario.JPG\" \/>  <\/p>\n<p><span class=\"text1noticias\">Rep.Dom, 22 de Marzo 04: 50 P.M.-La Universidad Aut\u00f3noma de Santo Domingo (UASD) relanz\u00f3 este jueves su peri\u00f3dico impreso \u00abEl Universitario\u00bb, el cual estar\u00e1 adem\u00e1s posteado en la Web y difundir\u00e1 \u00e1gil y oportunamente todas las informaciones relativas a las actividades que se producen tanto en la sede central de la academia, como en los recintos, centros y extensiones.<\/span><\/p>\n<\/p>\n<p><span class=\"text1noticias\">Durante un actividad encabezada por el rector de la UASD maestro Mateo Aquino Febrillet en el Sal\u00f3n de Orientaci\u00f3n de la Biblioteca Pedro Mir, el equipo que tuvo a su cargo el dise\u00f1o, la recopilaci\u00f3n del contenido y de todo lo relativo al peri\u00f3dico impreso y el portal digital de \u00abEl Universitario\u00bb, puso a circular el primer n\u00famero del citado medio en esta nueva etapa.<\/span><\/p>\n<\/p>\n<p><span class=\"text1noticias\">Al pronunciar las palabras centrales del acto, el principal funcionario del centro de altos estudios expres\u00f3 su orgullo por la presentaci\u00f3n del peri\u00f3dico impreso y del portal digital de \u00abEl Universitario\u00bb, que a decir de Aquino Febrillet, exhibe un dise\u00f1o moderno y vanguardista como lo exigen los nuevos tiempos.<\/span><\/p>\n<\/p>\n<p><span class=\"text1noticias\">Felicit\u00f3 al equipo de trabajo que tuvo la ardua tarea de estructurar el moderno instrumento de comunicaci\u00f3n, que saldr\u00e1 con una periodicidad mensual, aunque los contenidos del  portal digital ser\u00e1n actualizados diariamente.<\/span><\/p>\n<\/p>\n<p><span class=\"text1noticias\">En la actividad tomaron la palabra, adem\u00e1s, el director general de comunicaciones Maestro Orestes Toribio, el director de \u00abEl Universitario\u00bb maestro Luesmil Castor y el director de la Editora Universitaria, Efra\u00edn Marte. El  encargado de publicidad y mercadeo Roberto Tejada, no tuvo intervenci\u00f3n pero fue una pieza vital para el relanzamiento del peri\u00f3dico.<\/span><\/p>\n<\/p>\n<p><span class=\"text1noticias\">Toribio, dijo que el relanzamiento del peri\u00f3dico y la puesta en funcionamiento del portal digital responden a la intenci\u00f3n decidida de la presente gesti\u00f3n que encabeza el maestro Mateo Aquino Febrillet de reforzar la difusi\u00f3n de las tantas cosas positivas que realiza la academia.<\/span><\/p>\n<\/p>\n<p><span class=\"text1noticias\">En tanto que el director de \u00abEl Universitario\u00bb, Luesmil Castor,  afirm\u00f3 que el peri\u00f3dico impreso y el portal digital exhiben un dise\u00f1o ultra moderno, lo que facilitar\u00e1 la atracci\u00f3n de patrocinadores privados para hacer de ese medio un producto sostenible, comercialmente hablando. El n\u00famero de tiradas del presente n\u00famero fue de tres mil.<\/span><\/p>\n<\/p>\n<p><span class=\"text1noticias\">Mientras que Jimmy Rosario, asesor en tecnolog\u00eda de la Rector\u00eda dijo que en el caso del portal digital, \u00e9ste cuenta con un sistema para enfrentar los ataques cibern\u00e9ticos y a los Hackers, lo que posibilitar\u00e1 que est\u00e9 siempre activo sin interrupci\u00f3n, a pesar de que se produzcan incursiones con fines tumbarlo de la red.<\/span><\/p>\n<\/p>\n<p><span class=\"text1noticias\">De su lado, el director de la Editora Universitaria, que tuvo la responsabilidad de las tiradas de este primer n\u00famero de la nueva etapa del peri\u00f3dico \u00abEl Universitario\u00bb, dijo que se utilizaron m\u00e1quinas modernas en su impresi\u00f3n para lograr un producto de alta cualificaci\u00f3n, como exigen los nuevos tiempos.<\/span><\/p>\n<\/p>\n<p><span class=\"text1noticias\">En el acto de relanzamiento del peri\u00f3dico impreso y de la puesta en funcionamiento del portal de \u00abEl Universitario\u00bb, estuvieron presentes adem\u00e1s, la vicerrectora administrativa Emma Polanco, el vicerrector docente Jorge Asjana, el vicerrector de investigaci\u00f3n y postgrado Francisco Vegazo, el vicerrector de extensi\u00f3n Francisco Terrero Galarza, el decano de Ciencias Jur\u00eddicas y Pol\u00edticas Antonio Medina, entre otras autoridades del centro de altos estudios.(HG)<\/span>.<\/p>\n<h6> 2012-03-22 20:48:32 <\/h6>\n<p><!--\n<link rel=\"stylesheet\" href=\"css\/bootstrap.min.css\">\n\n\n<ul class=\"pagination\">\n\t    \n\t\n\n<li >\n\t<a href='?page_no=17701'>Previous<\/a>\n\t<\/li>\n\n\n       \n    \n\n<li><a href='?page_no=1'>1<\/a><\/li>\n\n\n\n<li><a href='?page_no=2'>2<\/a><\/li>\n\n\n\n<li><a>...<\/a><\/li>\n\n\n\n<li><a href='?page_no=17700'>17700<\/a><\/li>\n\n\n\n<li><a href='?page_no=17701'>17701<\/a><\/li>\n\n\n\n<li class='active'><a>17702<\/a><\/li>\n\n\n\n<li><a href='?page_no=17703'>17703<\/a><\/li>\n\n\n\n<li><a href='?page_no=17704'>17704<\/a><\/li>\n\n\n\n<li><a>...<\/a><\/li>\n\n\n\n<li><a href='?page_no=22911'>22911<\/a><\/li>\n\n\n\n<li><a href='?page_no=22912'>22912<\/a><\/li>\n\n    \n\t\n\n<li >\n\t<a href='?page_no=17703'>Next<\/a>\n\t<\/li>\n\n\n    \n\n<li><a href='?page_no=22912'>Last &rsaquo;&rsaquo;<\/a><\/li>\n\n<\/ul>\n\n\n--><br \/>\n<\/body><\/p>\n","protected":false},"excerpt":{"rendered":"<p>Rep.Dom, 22 de Marzo 04: 50 P.M.-La Universidad Aut\u00f3noma de Santo Domingo (UASD) relanz\u00f3 este jueves su peri\u00f3dico impreso \u00abEl Universitario\u00bb, el cual estar\u00e1 adem\u00e1s posteado en la Web y difundir\u00e1 \u00e1gil y oportunamente todas las informaciones relativas a las actividades que se producen tanto en la sede central de la academia, como en los [&hellip;]<\/p>\n","protected":false},"author":3,"featured_media":0,"comment_status":"open","ping_status":"open","sticky":false,"template":"","format":"standard","meta":{"footnotes":""},"categories":[21],"tags":[],"class_list":["post-66024","post","type-post","status-publish","format-standard","hentry","category-cultura"],"_links":{"self":[{"href":"https:\/\/diariodominicano.com\/index.php?rest_route=\/wp\/v2\/posts\/66024","targetHints":{"allow":["GET"]}}],"collection":[{"href":"https:\/\/diariodominicano.com\/index.php?rest_route=\/wp\/v2\/posts"}],"about":[{"href":"https:\/\/diariodominicano.com\/index.php?rest_route=\/wp\/v2\/types\/post"}],"author":[{"embeddable":true,"href":"https:\/\/diariodominicano.com\/index.php?rest_route=\/wp\/v2\/users\/3"}],"replies":[{"embeddable":true,"href":"https:\/\/diariodominicano.com\/index.php?rest_route=%2Fwp%2Fv2%2Fcomments&post=66024"}],"version-history":[{"count":0,"href":"https:\/\/diariodominicano.com\/index.php?rest_route=\/wp\/v2\/posts\/66024\/revisions"}],"wp:attachment":[{"href":"https:\/\/diariodominicano.com\/index.php?rest_route=%2Fwp%2Fv2%2Fmedia&parent=66024"}],"wp:term":[{"taxonomy":"category","embeddable":true,"href":"https:\/\/diariodominicano.com\/index.php?rest_route=%2Fwp%2Fv2%2Fcategories&post=66024"},{"taxonomy":"post_tag","embeddable":true,"href":"https:\/\/diariodominicano.com\/index.php?rest_route=%2Fwp%2Fv2%2Ftags&post=66024"}],"curies":[{"name":"wp","href":"https:\/\/api.w.org\/{rel}","templated":true}]}}