{"id":66023,"date":"2012-03-22T22:11:40","date_gmt":"2012-03-22T22:11:40","guid":{"rendered":"http:\/\/diariodominicano.ddns.net\/?p=66023"},"modified":"2012-03-22T22:11:40","modified_gmt":"2012-03-22T22:11:40","slug":"cultura-declarara-activo-cultural-de-la-nacion-a-domingo-batista","status":"publish","type":"post","link":"https:\/\/diariodominicano.com\/?p=66023","title":{"rendered":"&#13;Cultura declarar\u00e1 \u00abActivo Cultural de la Naci\u00f3n\u00bb a Domingo Batista"},"content":{"rendered":"<p><body><\/p>\n<p><img decoding=\"async\" src=\"img3\/Domingo Batista.JPG\" \/>  <\/p>\n<p><span class=\"text1noticias\">En el marco de esta celebraci\u00f3n, tambi\u00e9n se rendir\u00e1 homenaje al escritor V\u00edctor Estrella, como Valor Cultural de la Naci\u00f3n.<\/span><\/p>\n<\/p>\n<p><span class=\"text1noticias\">Rep.Dom, 22 de Marzo 06:15 P.M.- El Ministerio de Cultura declarar\u00e1 a Domingo Batista como \u00abActivo Cultural de la Naci\u00f3n\u00bb. Con esta distinci\u00f3n, se enaltece el trabajo desempe\u00f1ado por esta gran figura del arte fotogr\u00e1fico contempor\u00e1neo en la Rep\u00fablica Dominicana.<\/span><\/p>\n<\/p>\n<p><span class=\"text1noticias\">El acto, presidido por el Ministro de Cultura, Jos\u00e9 Rafael Lantigua, se realizar\u00e1 el viernes 23, a las 5 de la tarde, en la residencia del homenajeado.<\/span><\/p>\n<\/p>\n<p><span class=\"text1noticias\">El programa iniciar\u00e1 con las notas del Himno Nacional. De inmediato, se leer\u00e1 la semblanza y se entregar\u00e1 un reconocimiento al gestor cultural V\u00edctor Estrella, quien ser\u00e1 declarado Valor Cultural Dominicano, en reconocimiento a su ingente labor como maestro, pintor, artista y escritor, adem\u00e1s de ser fundador y miembro de diversas entidades en Santiago de los Caballeros.<\/span><\/p>\n<\/p>\n<p><span class=\"text1noticias\">\u00abSu obra art\u00edstica y su prol\u00edfica carrera como autor de m\u00e1s de sesenta trabajos literarios, merece el reconocimiento del pa\u00eds cultural, para que su labor sirva de ejemplo a las actuales y futuras generaciones\u00bb, se\u00f1al\u00f3 Lantigua, al referirse al escritor V\u00edctor Estrella.<\/span><\/p>\n<\/p>\n<p><span class=\"text1noticias\">A continuaci\u00f3n, se dar\u00e1 lectura de la semblanza de Domingo Batista, quien ser\u00e1 declarado Activo Cultural de la Naci\u00f3n, en reconocimiento al rol que ha desempe\u00f1ado en la fotograf\u00eda dominicana contempor\u00e1nea, dedicando, adem\u00e1s, gran parte de su vida a la defensa y respeto de los recursos ecol\u00f3gicos del pa\u00eds, testificado su esfuerzo en cada una de sus obras que asumen el paisaje como tema central.<\/span><\/p>\n<\/p>\n<p><span class=\"text1noticias\">\u00abEs menester destacar, valorar y dimensionar en su justa medida, la obra de vida de los creadores y propulsores literarios y art\u00edsticos dominicanos, a fin de que su contribuci\u00f3n al desarrollo de la cultura sirva de ejemplo a las actuales y futuras generaciones\u00bb, se\u00f1al\u00f3 Lantigua.<\/span><\/p>\n<\/p>\n<p><span class=\"text1noticias\">Como parte de los honores al nuevo Activo Cultural de la Naci\u00f3n, se realizar\u00e1 la Presentaci\u00f3n del Manual de Armas en Silencio, a cargo de los Cadetes de la Marina de Guerra, y la lectura de la proclama correspondiente, a cargo del actor Orestes Amador, de la Compa\u00f1\u00eda Nacional de Teatro.<\/span><\/p>\n<\/p>\n<p><span class=\"text1noticias\">Para finalizar, se develizar\u00e1 una tarja colocada en la residencia del nuevo Activo Cultural de la Naci\u00f3n.<\/span><\/p>\n<\/p>\n<p><span class=\"text1noticias\">Este lauro es otorgado por el Ministerio de Cultura, conforme a las prerrogativas que le otorga la Ley 41-00 y mediante el aval del Consejo Nacional de Cultura. <\/span><\/p>\n<\/p>\n<p><span class=\"text1noticias\">Otras personalidades declaradas Activo Cultural de la Naci\u00f3n han sido los artistas pl\u00e1sticos Danilo de los Santos y C\u00e1ndido Bid\u00f3, el poeta V\u00edctor Villegas, el escritor Bruno Rosario Candelier, y el gestor cultural S\u00e9lvido Candelaria.(HG)<\/span>.<\/p>\n<h6> 2012-03-22 22:11:40 <\/h6>\n<p><!--\n<link rel=\"stylesheet\" href=\"css\/bootstrap.min.css\">\n\n\n<ul class=\"pagination\">\n\t    \n\t\n\n<li >\n\t<a href='?page_no=17700'>Previous<\/a>\n\t<\/li>\n\n\n       \n    \n\n<li><a href='?page_no=1'>1<\/a><\/li>\n\n\n\n<li><a href='?page_no=2'>2<\/a><\/li>\n\n\n\n<li><a>...<\/a><\/li>\n\n\n\n<li><a href='?page_no=17699'>17699<\/a><\/li>\n\n\n\n<li><a href='?page_no=17700'>17700<\/a><\/li>\n\n\n\n<li class='active'><a>17701<\/a><\/li>\n\n\n\n<li><a href='?page_no=17702'>17702<\/a><\/li>\n\n\n\n<li><a href='?page_no=17703'>17703<\/a><\/li>\n\n\n\n<li><a>...<\/a><\/li>\n\n\n\n<li><a href='?page_no=22911'>22911<\/a><\/li>\n\n\n\n<li><a href='?page_no=22912'>22912<\/a><\/li>\n\n    \n\t\n\n<li >\n\t<a href='?page_no=17702'>Next<\/a>\n\t<\/li>\n\n\n    \n\n<li><a href='?page_no=22912'>Last &rsaquo;&rsaquo;<\/a><\/li>\n\n<\/ul>\n\n\n--><br \/>\n<\/body><\/p>\n","protected":false},"excerpt":{"rendered":"<p>En el marco de esta celebraci\u00f3n, tambi\u00e9n se rendir\u00e1 homenaje al escritor V\u00edctor Estrella, como Valor Cultural de la Naci\u00f3n. Rep.Dom, 22 de Marzo 06:15 P.M.- El Ministerio de Cultura declarar\u00e1 a Domingo Batista como \u00abActivo Cultural de la Naci\u00f3n\u00bb. Con esta distinci\u00f3n, se enaltece el trabajo desempe\u00f1ado por esta gran figura del arte fotogr\u00e1fico [&hellip;]<\/p>\n","protected":false},"author":3,"featured_media":0,"comment_status":"open","ping_status":"open","sticky":false,"template":"","format":"standard","meta":{"footnotes":""},"categories":[21],"tags":[],"class_list":["post-66023","post","type-post","status-publish","format-standard","hentry","category-cultura"],"_links":{"self":[{"href":"https:\/\/diariodominicano.com\/index.php?rest_route=\/wp\/v2\/posts\/66023","targetHints":{"allow":["GET"]}}],"collection":[{"href":"https:\/\/diariodominicano.com\/index.php?rest_route=\/wp\/v2\/posts"}],"about":[{"href":"https:\/\/diariodominicano.com\/index.php?rest_route=\/wp\/v2\/types\/post"}],"author":[{"embeddable":true,"href":"https:\/\/diariodominicano.com\/index.php?rest_route=\/wp\/v2\/users\/3"}],"replies":[{"embeddable":true,"href":"https:\/\/diariodominicano.com\/index.php?rest_route=%2Fwp%2Fv2%2Fcomments&post=66023"}],"version-history":[{"count":0,"href":"https:\/\/diariodominicano.com\/index.php?rest_route=\/wp\/v2\/posts\/66023\/revisions"}],"wp:attachment":[{"href":"https:\/\/diariodominicano.com\/index.php?rest_route=%2Fwp%2Fv2%2Fmedia&parent=66023"}],"wp:term":[{"taxonomy":"category","embeddable":true,"href":"https:\/\/diariodominicano.com\/index.php?rest_route=%2Fwp%2Fv2%2Fcategories&post=66023"},{"taxonomy":"post_tag","embeddable":true,"href":"https:\/\/diariodominicano.com\/index.php?rest_route=%2Fwp%2Fv2%2Ftags&post=66023"}],"curies":[{"name":"wp","href":"https:\/\/api.w.org\/{rel}","templated":true}]}}