{"id":660208,"date":"2026-01-14T16:42:03","date_gmt":"2026-01-14T20:42:03","guid":{"rendered":"https:\/\/diariodominicano.com\/?p=660208"},"modified":"2026-01-15T01:34:34","modified_gmt":"2026-01-15T05:34:34","slug":"cuba-adopta-medidas-viales-por-homenaje-a-combatientes-caidos","status":"publish","type":"post","link":"https:\/\/diariodominicano.com\/?p=660208","title":{"rendered":"Cuba adopta medidas viales por homenaje a combatientes ca\u00eddos"},"content":{"rendered":"\n<p>La Habana, 14 ene (Prensa Latina) La Comisi\u00f3n de Seguridad Vial de La Habana anunci\u00f3 hoy medidas viales para los d\u00edas 15 y 16 de enero por el homenaje nacional a los 32 combatientes cubanos ca\u00eddos en el ataque de Estados Unidos contra Venezuela.<\/p>\n\n\n\n<ul class=\"wp-block-list\">\n<li><a href=\"https:\/\/www.prensa-latina.cu\/2026\/01\/14\/\"><time>enero 14, 2026 | 11:13<\/time><\/a><\/li>\n<\/ul>\n\n\n\n<ul class=\"wp-block-list\">\n<li><a href=\"https:\/\/www.prensa-latina.cu\/2026\/01\/14\/cuba-adopta-medidas-viales-por-homenaje-a-combatientes-caidos\/#\"><\/a><\/li>\n\n\n\n<li><a href=\"https:\/\/www.prensa-latina.cu\/2026\/01\/14\/cuba-adopta-medidas-viales-por-homenaje-a-combatientes-caidos\/#\"><\/a><\/li>\n\n\n\n<li><a href=\"https:\/\/www.prensa-latina.cu\/2026\/01\/14\/cuba-adopta-medidas-viales-por-homenaje-a-combatientes-caidos\/#\"><\/a><\/li>\n\n\n\n<li><a href=\"https:\/\/www.prensa-latina.cu\/2026\/01\/14\/cuba-adopta-medidas-viales-por-homenaje-a-combatientes-caidos\/#\"><\/a><\/li>\n<\/ul>\n\n\n\n<p>El jueves 15, con la llegada de los restos mortales al Aeropuerto Internacional Jos\u00e9 Mart\u00ed, se realizar\u00e1 una ceremonia militar seguida de un cortejo f\u00fanebre que recorrer\u00e1 la Avenida Rancho Boyeros hasta la sede del Ministerio de las Fuerzas Armadas Revolucionarias (Minfar).<\/p>\n\n\n\n<p>A partir de las 07:00 (hora local), se cerrar\u00e1n operativamente todas las intersecciones desde la Avenida Van Troy hasta la calle Paseo.<\/p>\n\n\n\n<p>Adem\u00e1s, desde las 04:00 horas quedar\u00e1 prohibido el estacionamiento y la circulaci\u00f3n en un amplio per\u00edmetro que incluye las avenidas Boyeros y Carlos Manuel de C\u00e9spedes, las calles Paseo, Zapata, Ayestar\u00e1n, Aranguren, Col\u00f3n, Tulip\u00e1n, G, 8, 10 y 23, entre otras v\u00edas del entorno del Minfar.<\/p>\n\n\n\n<p>Se recomienda a los conductores transitar por la Avenida Boyeros antes de las 07:00 o utilizar rutas alternativas como la carretera de Calabazar, la de Murgas o el Proyecto 3 hasta la calle 114.<\/p>\n\n\n\n<p>El viernes 16, con motivo de la Marcha del Pueblo Combatiente que partir\u00e1 a las 07:30 horas desde la Tribuna Antimperialista Jos\u00e9 Mart\u00ed, se aplicar\u00e1n nuevas restricciones.<\/p>\n\n\n\n<p>Desde las 04:00 horas y hasta la conclusi\u00f3n del acto, se prohibir\u00e1 la circulaci\u00f3n y el estacionamiento en el Malec\u00f3n, desde el centro recreativo \u201c1830\u201d hasta la calle Prado, as\u00ed como en m\u00faltiples calles del Vedado y Centro Habana, incluidas L\u00ednea, Calzada, 3ra, N, 13, O, H, I, J, K, Marina, L, y la Plazoleta de la Piragua, entre otras.<\/p>\n\n\n\n<p>Como v\u00edas alternativas, se sugieren V\u00eda Blanca, Salvador Allende, Reina, Zapata, Avenida del Puerto, Calzada del Cerro y Monte.<\/p>\n\n\n\n<p>La Comisi\u00f3n Provincial de Seguridad Vial expres\u00f3 sus disculpas por las molestias ocasionadas y exhort\u00f3 a la poblaci\u00f3n a cumplir las disposiciones y acatar las indicaciones de los agentes de la Polic\u00eda Nacional Revolucionaria.<\/p>\n\n\n\n<p>jha\/mks<\/p>\n\n\n\n<ul class=\"wp-block-list\">\n<li>#<a href=\"https:\/\/www.prensa-latina.cu\/etiqueta\/cuba\/\">cuba<\/a>\u00a0#<a href=\"https:\/\/www.prensa-latina.cu\/etiqueta\/homenaje-nacional\/\">homenaje nacional<\/a>\u00a0#<a href=\"https:\/\/www.prensa-latina.cu\/etiqueta\/medidas-viales\/\">medidas viales<\/a>\u00a0#<a href=\"https:\/\/www.prensa-latina.cu\/etiqueta\/venezuela\/\">Venezuela<\/a><\/li>\n<\/ul>\n","protected":false},"excerpt":{"rendered":"<p>La Habana, 14 ene (Prensa Latina) La Comisi\u00f3n de Seguridad Vial de La Habana anunci\u00f3 hoy medidas viales para los d\u00edas 15 y 16 de enero por el homenaje nacional a los 32 combatientes cubanos ca\u00eddos en el ataque de Estados Unidos contra Venezuela. El jueves 15, con la llegada de los restos mortales al [&hellip;]<\/p>\n","protected":false},"author":2,"featured_media":660209,"comment_status":"closed","ping_status":"closed","sticky":false,"template":"","format":"standard","meta":{"footnotes":""},"categories":[26,23],"tags":[3100],"class_list":["post-660208","post","type-post","status-publish","format-standard","has-post-thumbnail","hentry","category-efemerides","category-internacional","tag-cuba"],"_links":{"self":[{"href":"https:\/\/diariodominicano.com\/index.php?rest_route=\/wp\/v2\/posts\/660208","targetHints":{"allow":["GET"]}}],"collection":[{"href":"https:\/\/diariodominicano.com\/index.php?rest_route=\/wp\/v2\/posts"}],"about":[{"href":"https:\/\/diariodominicano.com\/index.php?rest_route=\/wp\/v2\/types\/post"}],"author":[{"embeddable":true,"href":"https:\/\/diariodominicano.com\/index.php?rest_route=\/wp\/v2\/users\/2"}],"replies":[{"embeddable":true,"href":"https:\/\/diariodominicano.com\/index.php?rest_route=%2Fwp%2Fv2%2Fcomments&post=660208"}],"version-history":[{"count":1,"href":"https:\/\/diariodominicano.com\/index.php?rest_route=\/wp\/v2\/posts\/660208\/revisions"}],"predecessor-version":[{"id":660210,"href":"https:\/\/diariodominicano.com\/index.php?rest_route=\/wp\/v2\/posts\/660208\/revisions\/660210"}],"wp:featuredmedia":[{"embeddable":true,"href":"https:\/\/diariodominicano.com\/index.php?rest_route=\/wp\/v2\/media\/660209"}],"wp:attachment":[{"href":"https:\/\/diariodominicano.com\/index.php?rest_route=%2Fwp%2Fv2%2Fmedia&parent=660208"}],"wp:term":[{"taxonomy":"category","embeddable":true,"href":"https:\/\/diariodominicano.com\/index.php?rest_route=%2Fwp%2Fv2%2Fcategories&post=660208"},{"taxonomy":"post_tag","embeddable":true,"href":"https:\/\/diariodominicano.com\/index.php?rest_route=%2Fwp%2Fv2%2Ftags&post=660208"}],"curies":[{"name":"wp","href":"https:\/\/api.w.org\/{rel}","templated":true}]}}