{"id":660206,"date":"2026-01-14T16:37:39","date_gmt":"2026-01-14T20:37:39","guid":{"rendered":"https:\/\/diariodominicano.com\/?p=660206"},"modified":"2026-01-15T01:34:18","modified_gmt":"2026-01-15T05:34:18","slug":"francia-participara-en-mision-de-exploracion-en-groenlandia","status":"publish","type":"post","link":"https:\/\/diariodominicano.com\/?p=660206","title":{"rendered":"Francia participar\u00e1 en misi\u00f3n de exploraci\u00f3n en Groenlandia"},"content":{"rendered":"\n<p>Par\u00eds, 14 ene (Prensa Latina) El ej\u00e9rcito franc\u00e9s confirm\u00f3 hoy su participaci\u00f3n en una misi\u00f3n de exploraci\u00f3n en Groenlandia anunciada m\u00e1s temprano por Alemania para apoyar a Dinamarca ante las pretensiones estadounidenses de apoderarse de la isla.<\/p>\n\n\n\n<p><a href=\"https:\/\/www.prensa-latina.cu\/2026\/01\/14\/\"><time>enero 14, 2026 | 15:1<\/time><\/a> <\/p>\n\n\n\n<p>La noticia circula en la prensa francesa, que publica no tener m\u00e1s precisiones sobre el papel de Par\u00eds en la iniciativa militar prevista a partir de ma\u00f1ana hasta el s\u00e1bado.<\/p>\n\n\n\n<p>Seg\u00fan el Ministerio de Defensa alem\u00e1n, el objetivo de la misi\u00f3n es examinar las condiciones de cara a eventuales contribuciones para respaldar a Dinamarca en la garant\u00eda de seguridad en el territorio.<\/p>\n\n\n\n<p>En los \u00faltimos d\u00edas el presidente estadounidense, Donald Trump, escal\u00f3 en su discurso sobre la meta de Washington de controlar por las buenas o por las malas Groenlandia, isla cubierta de hielo en su totalidad, debajo del que abundan los recursos naturales.<\/p>\n\n\n\n<p>Trump esgrime intereses vitales de Estados Unidos, mientras los groenlandeses insisten en su derecho a la soberan\u00eda.<\/p>\n\n\n\n<p>En la reuni\u00f3n del Consejo de Ministros de Francia de este mi\u00e9rcoles, el presidente Emmanuel Macron advirti\u00f3 que el apoderamiento por Estados Unidos de la isla danesa traer\u00eda consecuencias en cascada e in\u00e9ditas.<\/p>\n\n\n\n<p>La portavoz gubernamental, Maud Bregeon, afirm\u00f3 a la prensa tras la reuni\u00f3n que el mandatario galo no subestima los prop\u00f3sitos de Trump y sigue los acontecimientos con mucha atenci\u00f3n.<\/p>\n\n\n\n<p>Esta ma\u00f1ana, el canciller franc\u00e9s, Jean-No\u00ebl Barrot, anunci\u00f3 la apertura de un Consulado el 6 de febrero en Groenlandia, como muestra de apoyo a Dinamarca.<\/p>\n\n\n\n<p>En declaraciones a la cadena RTL, el jefe de la diplomacia gala expuso que Groenlandia no quiere ser ni pose\u00edda, ni gobernada, ni integrada a Estados Unidos.<\/p>\n\n\n\n<p>Su elecci\u00f3n fue Dinamarca, la OTAN y la Uni\u00f3n Europea, subray\u00f3 el canciller.<\/p>\n\n\n\n<p>ro\/wmr<\/p>\n\n\n\n<ul class=\"wp-block-list\">\n<li>#Francia\u00a0#Groenlandia\u00a0#Macron\u00a0#trump<\/li>\n<\/ul>\n\n\n\n<p><\/p>\n","protected":false},"excerpt":{"rendered":"<p>Par\u00eds, 14 ene (Prensa Latina) El ej\u00e9rcito franc\u00e9s confirm\u00f3 hoy su participaci\u00f3n en una misi\u00f3n de exploraci\u00f3n en Groenlandia anunciada m\u00e1s temprano por Alemania para apoyar a Dinamarca ante las pretensiones estadounidenses de apoderarse de la isla. enero 14, 2026 | 15:1 La noticia circula en la prensa francesa, que publica no tener m\u00e1s precisiones [&hellip;]<\/p>\n","protected":false},"author":2,"featured_media":660293,"comment_status":"closed","ping_status":"closed","sticky":false,"template":"","format":"standard","meta":{"footnotes":""},"categories":[23],"tags":[1869,4007],"class_list":["post-660206","post","type-post","status-publish","format-standard","has-post-thumbnail","hentry","category-internacional","tag-francia","tag-groenlandia"],"_links":{"self":[{"href":"https:\/\/diariodominicano.com\/index.php?rest_route=\/wp\/v2\/posts\/660206","targetHints":{"allow":["GET"]}}],"collection":[{"href":"https:\/\/diariodominicano.com\/index.php?rest_route=\/wp\/v2\/posts"}],"about":[{"href":"https:\/\/diariodominicano.com\/index.php?rest_route=\/wp\/v2\/types\/post"}],"author":[{"embeddable":true,"href":"https:\/\/diariodominicano.com\/index.php?rest_route=\/wp\/v2\/users\/2"}],"replies":[{"embeddable":true,"href":"https:\/\/diariodominicano.com\/index.php?rest_route=%2Fwp%2Fv2%2Fcomments&post=660206"}],"version-history":[{"count":2,"href":"https:\/\/diariodominicano.com\/index.php?rest_route=\/wp\/v2\/posts\/660206\/revisions"}],"predecessor-version":[{"id":660295,"href":"https:\/\/diariodominicano.com\/index.php?rest_route=\/wp\/v2\/posts\/660206\/revisions\/660295"}],"wp:featuredmedia":[{"embeddable":true,"href":"https:\/\/diariodominicano.com\/index.php?rest_route=\/wp\/v2\/media\/660293"}],"wp:attachment":[{"href":"https:\/\/diariodominicano.com\/index.php?rest_route=%2Fwp%2Fv2%2Fmedia&parent=660206"}],"wp:term":[{"taxonomy":"category","embeddable":true,"href":"https:\/\/diariodominicano.com\/index.php?rest_route=%2Fwp%2Fv2%2Fcategories&post=660206"},{"taxonomy":"post_tag","embeddable":true,"href":"https:\/\/diariodominicano.com\/index.php?rest_route=%2Fwp%2Fv2%2Ftags&post=660206"}],"curies":[{"name":"wp","href":"https:\/\/api.w.org\/{rel}","templated":true}]}}