{"id":660203,"date":"2026-01-14T16:35:11","date_gmt":"2026-01-14T20:35:11","guid":{"rendered":"https:\/\/diariodominicano.com\/?p=660203"},"modified":"2026-01-15T01:22:20","modified_gmt":"2026-01-15T05:22:20","slug":"afirman-excarcelaciones-en-venezuela-forman-parte-de-proceso","status":"publish","type":"post","link":"https:\/\/diariodominicano.com\/?p=660203","title":{"rendered":"Afirman excarcelaciones en Venezuela forman parte de proceso"},"content":{"rendered":"\n<p>Caracas, 14 ene (Prensa Latina) La presidenta encargada de Venezuela, Delcy Rodr\u00edguez, inform\u00f3 de la continuaci\u00f3n del proceso iniciado por el mandatario Nicol\u00e1s Maduro para la excarcelaci\u00f3n de personas relacionadas con actos de violencia, de los que suman 406 hasta el d\u00eda de hoy.<\/p>\n\n\n\n<p><a href=\"https:\/\/www.prensa-latina.cu\/2026\/01\/14\/\"><time>enero 14, 2026 | 13:4<\/time><\/a> <\/p>\n\n\n\n<p>Desde el Palacio de Miraflores, sede de Gobierno, con la presencia de la prensa nacional y extranjera, y en compa\u00f1\u00eda del titular de la Asamblea Nacional (parlamento) Jorge Rodr\u00edguez y el ministro para Relaciones Interiores, Justicia y Paz, Diosdado Cabello, la gobernante encargada asever\u00f3 se trata de un \u201cproceso muy arduo\u201d.<\/p>\n\n\n\n<p>Coment\u00f3 sobre la culminaci\u00f3n de una \u201creuni\u00f3n muy productiva\u201d con el presidente del Poder Legislativo y el vicepresidente sectorial de Seguridad Ciudadana y se refiri\u00f3 al proceso iniciado en diciembre de 2025 para liberar personas privadas de libertad.<\/p>\n\n\n\n<p>Rodr\u00edguez explic\u00f3 que esa causa cont\u00f3 con la conducci\u00f3n del presidente Nicol\u00e1s Maduro, bajo el principio de \u201cabrir espacios para el entendimiento, la convivencia y la tolerancia\u201d.<\/p>\n\n\n\n<p>Subray\u00f3 que ese proceso \u201cno ha culminado a\u00fan y se mantiene abierto\u201d, y es lo que se ha venido coordinando con todos los \u00f3rganos de justicia en el pa\u00eds.<\/p>\n\n\n\n<p>La dignataria encargada precis\u00f3 que este procedimiento excluy\u00f3 a personas vinculadas en delitos graves contra las personas como el homicidio y el narcotr\u00e1fico, y son valorados aquellos asociados a violaciones del orden constitucional, el odio, la violencia y la intolerancia.<\/p>\n\n\n\n<p>Manifest\u00f3 que el objetivo \u201ces abrir espacios pol\u00edticos\u201d como lo previ\u00f3 Maduro en diciembre pasado cuando se procedi\u00f3 a la liberaci\u00f3n de 194 personas.<\/p>\n\n\n\n<p>El mensaje, dijo Delcy, es muy claro, es una Venezuela que se abre a un nuevo momento pol\u00edtico, que permita el entendimiento desde la divergencia y desde la diversidad pol\u00edtica e ideol\u00f3gica, pero debe ser con respeto hacia el otro y los derechos humanos.<\/p>\n\n\n\n<p>Remarc\u00f3 que los mensajes de odio e intolerancia en las acciones de violencia no ser\u00e1n permitidos, y asegur\u00f3 el cumplimiento de la ley ser\u00e1 estricto.<\/p>\n\n\n\n<p>La presidenta encargada reflexion\u00f3 que esta oportunidad es para que el pueblo venezolano \u201cpueda ver reflejado un nuevo momento donde la convivencia, la coexistencia y el reconocimiento del otro permita construir y edificar una nueva espiritualidad\u201d.<\/p>\n\n\n\n<p>Insisti\u00f3 en que el proceso contin\u00faa bajo la direcci\u00f3n de Diosdado Cabello en coordinaci\u00f3n y articulaci\u00f3n con los organismos de justicia nacionales.<\/p>\n\n\n\n<p>Rodr\u00edguez expres\u00f3 que siempre habr\u00e1 quienes quieren \u201cpescar a r\u00edo revuelto\u201d en alusi\u00f3n a las Organizaciones No Gubernamentales que se prestan a cobrar a familiares por la libertad de parientes y amigos, y han pretendido vender y ofrecer falsedades al mundo sobre Venezuela.<\/p>\n\n\n\n<p>jha\/jcd<\/p>\n\n\n\n<ul class=\"wp-block-list\">\n<li>#<a href=\"https:\/\/www.prensa-latina.cu\/etiqueta\/excarcelaciones\/\">excarcelaciones<\/a>&nbsp;#<a href=\"https:\/\/www.prensa-latina.cu\/etiqueta\/justicia\/\">justicia<\/a>&nbsp;#<a href=\"https:\/\/www.prensa-latina.cu\/etiqueta\/venezuela\/\">Venezuela<\/a><\/li>\n<\/ul>\n","protected":false},"excerpt":{"rendered":"<p>Caracas, 14 ene (Prensa Latina) La presidenta encargada de Venezuela, Delcy Rodr\u00edguez, inform\u00f3 de la continuaci\u00f3n del proceso iniciado por el mandatario Nicol\u00e1s Maduro para la excarcelaci\u00f3n de personas relacionadas con actos de violencia, de los que suman 406 hasta el d\u00eda de hoy. enero 14, 2026 | 13:4 Desde el Palacio de Miraflores, sede [&hellip;]<\/p>\n","protected":false},"author":2,"featured_media":660204,"comment_status":"closed","ping_status":"closed","sticky":false,"template":"","format":"standard","meta":{"footnotes":""},"categories":[23,27],"tags":[3556,1375],"class_list":["post-660203","post","type-post","status-publish","format-standard","has-post-thumbnail","hentry","category-internacional","category-portada","tag-prensa-latina","tag-venezuela"],"_links":{"self":[{"href":"https:\/\/diariodominicano.com\/index.php?rest_route=\/wp\/v2\/posts\/660203","targetHints":{"allow":["GET"]}}],"collection":[{"href":"https:\/\/diariodominicano.com\/index.php?rest_route=\/wp\/v2\/posts"}],"about":[{"href":"https:\/\/diariodominicano.com\/index.php?rest_route=\/wp\/v2\/types\/post"}],"author":[{"embeddable":true,"href":"https:\/\/diariodominicano.com\/index.php?rest_route=\/wp\/v2\/users\/2"}],"replies":[{"embeddable":true,"href":"https:\/\/diariodominicano.com\/index.php?rest_route=%2Fwp%2Fv2%2Fcomments&post=660203"}],"version-history":[{"count":2,"href":"https:\/\/diariodominicano.com\/index.php?rest_route=\/wp\/v2\/posts\/660203\/revisions"}],"predecessor-version":[{"id":660287,"href":"https:\/\/diariodominicano.com\/index.php?rest_route=\/wp\/v2\/posts\/660203\/revisions\/660287"}],"wp:featuredmedia":[{"embeddable":true,"href":"https:\/\/diariodominicano.com\/index.php?rest_route=\/wp\/v2\/media\/660204"}],"wp:attachment":[{"href":"https:\/\/diariodominicano.com\/index.php?rest_route=%2Fwp%2Fv2%2Fmedia&parent=660203"}],"wp:term":[{"taxonomy":"category","embeddable":true,"href":"https:\/\/diariodominicano.com\/index.php?rest_route=%2Fwp%2Fv2%2Fcategories&post=660203"},{"taxonomy":"post_tag","embeddable":true,"href":"https:\/\/diariodominicano.com\/index.php?rest_route=%2Fwp%2Fv2%2Ftags&post=660203"}],"curies":[{"name":"wp","href":"https:\/\/api.w.org\/{rel}","templated":true}]}}