{"id":66020,"date":"2012-03-23T20:08:02","date_gmt":"2012-03-23T20:08:02","guid":{"rendered":"http:\/\/diariodominicano.ddns.net\/?p=66020"},"modified":"2012-03-23T20:08:02","modified_gmt":"2012-03-23T20:08:02","slug":"ministerio-de-cultura-anuncia-ganadores-concurso-nacional-de-talleres-literarios","status":"publish","type":"post","link":"https:\/\/diariodominicano.com\/?p=66020","title":{"rendered":"&#13;Ministerio de Cultura anuncia ganadores concurso nacional de talleres literarios"},"content":{"rendered":"<p><body><\/p>\n<p><img decoding=\"async\" src=\"img3\/ministerio cultura rd.JPG\" \/>  <\/p>\n<p><span class=\"text1noticias\">04:10 PM SANTO DOMINGO, 23 Mar 2012.-El  Ministerio de Cultura (MINC), a trav\u00e9s del Sistema Nacional de Talleres Literarios, anunci\u00f3 los ganadores de la quinta edici\u00f3n del Certamen Nacional para Talleres Literarios, durante un  acto celebrado en la Librer\u00eda de Cultura, en la Ciudad Colonial.<\/span><\/p>\n<\/p>\n<p><span class=\"text1noticias\">El acto estuvo presidido por Mateo Morrison, Viceministro de Desarrollo Institucional, y Valent\u00edn Amaro, director del Sistema Nacional de Talleres Literarios, quienes tuvieron a su cargo la lectura de los veredictos, en las categor\u00edas de poes\u00eda y cuento, en sus tres renglones.<\/span><\/p>\n<\/p>\n<p><span class=\"text1noticias\">Los ganadores en el rengl\u00f3n de 13 a 20 a\u00f1os, en el g\u00e9nero poes\u00eda, fueron Ram\u00f3n  Vladimir Ramos, quien obtuvo el primer lugar por su texto \u00abHasta la muerte\u00bb. El segundo lo gan\u00f3 Ariel Contreras, con \u00abCampanadas de vida y muerte\u00bb, y el tercero Jordan Manuel Hern\u00e1ndez Dur\u00e1n, con \u00abAlegor\u00eda del instante\u00bb.<\/span><\/p>\n<\/p>\n<p><span class=\"text1noticias\">El primer lugar, en la categor\u00eda de 21 a 35 a\u00f1os,  lo obtuvo  el poema \u00abDiluvio amarillo\u00bb, de Ricardo Cabrera. El segundo lugar correspondi\u00f3 a \u00abLa danza de KAA\u00bb de Jos\u00e9 Alberto Beltr\u00e1n, y el tercer lugar fue para \u00abEl peregrino\u00bb, de Luis Ricardo Ar\u00e9valo. <\/span><\/p>\n<\/p>\n<p><span class=\"text1noticias\">En el g\u00e9nero cuento Anthony Noboa Polanco obtuvo el primer lugar, con su obra \u00abIgnacio Germos\u00e9n\u00bb, en el rengl\u00f3n de 13 a 20 a\u00f1os. El segundo lugar lo recibi\u00f3 Engeli Mena Chalas, con \u00abUn pacto de ensue\u00f1o\u00bb,  y  Gabriel Andr\u00e9s Baquero el tercer lugar, con \u00abLa tr\u00e1gica historia del Se\u00f1or Iblis\u00bb.<\/span><\/p>\n<\/p>\n<p><span class=\"text1noticias\">En la categor\u00eda de 21 a 35 a\u00f1os, obtuvo el primer lugar  el cuento \u00abEl escape\u00bb de Vicente Arturo Pichardo. El segundo lugar fue para \u00abLa pandemia\u00bb, de Isis Aquino, y el tercer lugar fue para \u00abEl encuentro\u00bb, de Ariel Ortiz P\u00e9rez. <\/span><\/p>\n<\/p>\n<p><span class=\"text1noticias\">En el tercer rengl\u00f3n,  que incluye a talleristas de m\u00e1s de 35 a\u00f1os, el primer lugar en cuento  correspondi\u00f3 a la obra \u00abDistorsi\u00f3n\u00bb de Adalberto Morillo Pichardo. El segundo lugar fue para \u00abProductos con acta de defunci\u00f3n made in China\u00bb, de H\u00e9ctor Santana, y el tercer lugar fue para \u00abLa llegada del silencio\u00bb, de In\u00e9s Mar\u00eda Garc\u00eda P\u00e9rez.<\/span><\/p>\n<\/p>\n<p><span class=\"text1noticias\">Mientras que en poes\u00eda, el primer premio fue para el poema \u00abA la franca o cuando me botaron\u00bb, de H\u00e9ctor Santana. \u00abLa pobreza\u00bb de Nicol\u00e1s Ram\u00edrez, obtuvo el segundo premio, y el tercer lugar fue para \u00abInicio de espect\u00e1culo\u00bb, de In\u00e9s Mar\u00eda Garc\u00eda. Una menci\u00f3n de honor se le fue otorgada a \u00abDe oro a lana\u00bb, de Geovanni Mora Soriano.<\/span><\/p>\n<\/p>\n<p><span class=\"text1noticias\">Las menciones de honor las obtuvieron los poemas \u00abViven en m\u00ed\u00bb, de  Engelin  Mena Chalas, \u00abEn el fr\u00edo\u00bb de Gretchehn de la Cruz y \u00abEl octubre de nadie\u00bb de Maggivel Salazar Sierra, \u00abAmor por maldad\u00bb de Carlos Gabriel P\u00e9rez, \u00abTengo\u00bb de Jennet Tineo C\u00e9spedes, \u00abCarnaval sin rostro\u00bb de Lauristely Pe\u00f1a Solano y \u00abLa dulce herida de estar vivo\u00bb de Luis Reynaldo P\u00e9rez.<\/span><\/p>\n<\/p>\n<p><span class=\"text1noticias\">En la actividad estuvieron presentes, el  Dr. Tulio Salvador Casta\u00f1os, Notario  P\u00fablico  y una importante representaci\u00f3n de los talleres literarios.<\/span><\/p>\n<p><span class=\"text1noticias\"> <\/span><\/p>\n<\/p>\n<p><strong><em><u><span class=\"text1noticias\">CG<\/span><\/u><\/em><\/strong><\/p>\n<\/p>\n<h6> 2012-03-23 20:08:02 <\/h6>\n<p><!--\n<link rel=\"stylesheet\" href=\"css\/bootstrap.min.css\">\n\n\n<ul class=\"pagination\">\n\t    \n\t\n\n<li >\n\t<a href='?page_no=17697'>Previous<\/a>\n\t<\/li>\n\n\n       \n    \n\n<li><a href='?page_no=1'>1<\/a><\/li>\n\n\n\n<li><a href='?page_no=2'>2<\/a><\/li>\n\n\n\n<li><a>...<\/a><\/li>\n\n\n\n<li><a href='?page_no=17696'>17696<\/a><\/li>\n\n\n\n<li><a href='?page_no=17697'>17697<\/a><\/li>\n\n\n\n<li class='active'><a>17698<\/a><\/li>\n\n\n\n<li><a href='?page_no=17699'>17699<\/a><\/li>\n\n\n\n<li><a href='?page_no=17700'>17700<\/a><\/li>\n\n\n\n<li><a>...<\/a><\/li>\n\n\n\n<li><a href='?page_no=22911'>22911<\/a><\/li>\n\n\n\n<li><a href='?page_no=22912'>22912<\/a><\/li>\n\n    \n\t\n\n<li >\n\t<a href='?page_no=17699'>Next<\/a>\n\t<\/li>\n\n\n    \n\n<li><a href='?page_no=22912'>Last &rsaquo;&rsaquo;<\/a><\/li>\n\n<\/ul>\n\n\n--><br \/>\n<\/body><\/p>\n","protected":false},"excerpt":{"rendered":"<p>04:10 PM SANTO DOMINGO, 23 Mar 2012.-El Ministerio de Cultura (MINC), a trav\u00e9s del Sistema Nacional de Talleres Literarios, anunci\u00f3 los ganadores de la quinta edici\u00f3n del Certamen Nacional para Talleres Literarios, durante un acto celebrado en la Librer\u00eda de Cultura, en la Ciudad Colonial. El acto estuvo presidido por Mateo Morrison, Viceministro de Desarrollo [&hellip;]<\/p>\n","protected":false},"author":3,"featured_media":0,"comment_status":"open","ping_status":"open","sticky":false,"template":"","format":"standard","meta":{"footnotes":""},"categories":[21],"tags":[],"class_list":["post-66020","post","type-post","status-publish","format-standard","hentry","category-cultura"],"_links":{"self":[{"href":"https:\/\/diariodominicano.com\/index.php?rest_route=\/wp\/v2\/posts\/66020","targetHints":{"allow":["GET"]}}],"collection":[{"href":"https:\/\/diariodominicano.com\/index.php?rest_route=\/wp\/v2\/posts"}],"about":[{"href":"https:\/\/diariodominicano.com\/index.php?rest_route=\/wp\/v2\/types\/post"}],"author":[{"embeddable":true,"href":"https:\/\/diariodominicano.com\/index.php?rest_route=\/wp\/v2\/users\/3"}],"replies":[{"embeddable":true,"href":"https:\/\/diariodominicano.com\/index.php?rest_route=%2Fwp%2Fv2%2Fcomments&post=66020"}],"version-history":[{"count":0,"href":"https:\/\/diariodominicano.com\/index.php?rest_route=\/wp\/v2\/posts\/66020\/revisions"}],"wp:attachment":[{"href":"https:\/\/diariodominicano.com\/index.php?rest_route=%2Fwp%2Fv2%2Fmedia&parent=66020"}],"wp:term":[{"taxonomy":"category","embeddable":true,"href":"https:\/\/diariodominicano.com\/index.php?rest_route=%2Fwp%2Fv2%2Fcategories&post=66020"},{"taxonomy":"post_tag","embeddable":true,"href":"https:\/\/diariodominicano.com\/index.php?rest_route=%2Fwp%2Fv2%2Ftags&post=66020"}],"curies":[{"name":"wp","href":"https:\/\/api.w.org\/{rel}","templated":true}]}}