{"id":660199,"date":"2026-01-14T16:31:03","date_gmt":"2026-01-14T20:31:03","guid":{"rendered":"https:\/\/diariodominicano.com\/?p=660199"},"modified":"2026-01-14T16:31:21","modified_gmt":"2026-01-14T20:31:21","slug":"hispanos-apoyan-gobernadora-ny-sobre-legislacion-obligaria-ice-presenter-orden-judicial-en-lugares-sensibles","status":"publish","type":"post","link":"https:\/\/diariodominicano.com\/?p=660199","title":{"rendered":"Hispanos apoyan gobernadora NY sobre legislaci\u00f3n obligar\u00eda ICE presenter orden judicial en lugares sensibles"},"content":{"rendered":"\n<p><strong>Por Ram\u00f3n Mercedes<\/strong><\/p>\n\n\n\n<p><strong>NUEVA YORK.-&nbsp;<\/strong>Hispanos de diferentes nacionalidades en esta ciudad manifestaron apoyar la legislaci\u00f3n que se propone someter la gobernadora de este Estado, Kathy Hochul, que obligar\u00eda al ICE presenter una orden judicial al realizar operaciones de control migratorio en \u201clugares sensibles\u201d, como escuelas, hospitales e Iglesias, entre otros.<\/p>\n\n\n\n<p>En documento de prensa, salvadore\u00f1os, dominicanos, hondure\u00f1os, mexicanos y colombianos, entre otras, solicitando no ser identificados, recordaron que esa disposici\u00f3n exist\u00eda en administraciones anteriores, pero fue revocada por el actual Departamento de Seguridad Nacional.<\/p>\n\n\n\n<p>La gobernadora ha planteado \u201csiempre har\u00e9 todo lo necesario para proteger a los neoyorquinos cuando su seguridad est\u00e9 en riesgo\u201d. \u201cEsto tambi\u00e9n significa defender a nuestras comunidades inmigrantes cuando los agentes de ICE irrumpen en nuestros barrios y centros comunitarios sin \u00f3rdenes judiciales\u201d.<\/p>\n\n\n\n<p>Hochul ha declarado que apoya los esfuerzos de ICE para hacer cumplir las leyes penales en colaboraci\u00f3n con las fuerzas del orden locales.<\/p>\n\n\n\n<p>Afirm\u00f3 que permitir\u00eda a los neoyorquinos demandar a los agentes federales en los tribunales estatales, en respuesta al tiroteo de una mujer de Minneapolis por parte de un agente de ICE.<\/p>\n","protected":false},"excerpt":{"rendered":"<p>Por Ram\u00f3n Mercedes NUEVA YORK.-&nbsp;Hispanos de diferentes nacionalidades en esta ciudad manifestaron apoyar la legislaci\u00f3n que se propone someter la gobernadora de este Estado, Kathy Hochul, que obligar\u00eda al ICE presenter una orden judicial al realizar operaciones de control migratorio en \u201clugares sensibles\u201d, como escuelas, hospitales e Iglesias, entre otros. En documento de prensa, salvadore\u00f1os, [&hellip;]<\/p>\n","protected":false},"author":2,"featured_media":660201,"comment_status":"closed","ping_status":"closed","sticky":false,"template":"","format":"standard","meta":{"footnotes":""},"categories":[36,20,23,24,27],"tags":[],"class_list":["post-660199","post","type-post","status-publish","format-standard","has-post-thumbnail","hentry","category-hombresmujeresycosas","category-dominicana-hoy","category-internacional","category-justicia-y-derecho","category-portada"],"_links":{"self":[{"href":"https:\/\/diariodominicano.com\/index.php?rest_route=\/wp\/v2\/posts\/660199","targetHints":{"allow":["GET"]}}],"collection":[{"href":"https:\/\/diariodominicano.com\/index.php?rest_route=\/wp\/v2\/posts"}],"about":[{"href":"https:\/\/diariodominicano.com\/index.php?rest_route=\/wp\/v2\/types\/post"}],"author":[{"embeddable":true,"href":"https:\/\/diariodominicano.com\/index.php?rest_route=\/wp\/v2\/users\/2"}],"replies":[{"embeddable":true,"href":"https:\/\/diariodominicano.com\/index.php?rest_route=%2Fwp%2Fv2%2Fcomments&post=660199"}],"version-history":[{"count":1,"href":"https:\/\/diariodominicano.com\/index.php?rest_route=\/wp\/v2\/posts\/660199\/revisions"}],"predecessor-version":[{"id":660202,"href":"https:\/\/diariodominicano.com\/index.php?rest_route=\/wp\/v2\/posts\/660199\/revisions\/660202"}],"wp:featuredmedia":[{"embeddable":true,"href":"https:\/\/diariodominicano.com\/index.php?rest_route=\/wp\/v2\/media\/660201"}],"wp:attachment":[{"href":"https:\/\/diariodominicano.com\/index.php?rest_route=%2Fwp%2Fv2%2Fmedia&parent=660199"}],"wp:term":[{"taxonomy":"category","embeddable":true,"href":"https:\/\/diariodominicano.com\/index.php?rest_route=%2Fwp%2Fv2%2Fcategories&post=660199"},{"taxonomy":"post_tag","embeddable":true,"href":"https:\/\/diariodominicano.com\/index.php?rest_route=%2Fwp%2Fv2%2Ftags&post=660199"}],"curies":[{"name":"wp","href":"https:\/\/api.w.org\/{rel}","templated":true}]}}