{"id":66019,"date":"2012-03-23T20:21:56","date_gmt":"2012-03-23T20:21:56","guid":{"rendered":"http:\/\/diariodominicano.ddns.net\/?p=66019"},"modified":"2012-03-23T20:21:56","modified_gmt":"2012-03-23T20:21:56","slug":"camilo-resalta-aportes-de-miguel-cocco-al-arte-y-la-cultura","status":"publish","type":"post","link":"https:\/\/diariodominicano.com\/?p=66019","title":{"rendered":"&#13;Camilo resalta aportes de Miguel Cocco al arte y la cultura"},"content":{"rendered":"<p><body><\/p>\n<p><img decoding=\"async\" src=\"img3\/En Santiago ADUANAS.JPG\" \/><br \/><img decoding=\"async\" src=\"img3\/En Santiago ADUANAS 2. JPG.JPG\" \/>  <\/p>\n<p><span class=\"text1noticias\">04:23 PM SANTIAGO, 23 Mar 2012.-  La Direcci\u00f3n General de Aduanas (DGA) dej\u00f3 abierta este jueves la exposici\u00f3n art\u00edstica \u00abLas Aduanas en el Tiempo: Pasado y Presente\u00bb, en una ceremonia realizada en el Gran Teatro del Cibao, con la participaci\u00f3n de autoridades locales, pintores y empresarios.    <\/span><\/p>\n<p><span class=\"text1noticias\"> <\/span><\/p>\n<p><span class=\"text1noticias\">El licenciado Rafael Camilo, titular de la DGA, al encabezar la apertura de la importante muestra, asegur\u00f3 que el arte dominicano ha encontrado en la Direcci\u00f3n General de Aduanas un mecenazgo que ha levantado el entusiasmo y el apoyo de toda la sociedad, con una amplia y exquisita colecci\u00f3n de obras de las artes pl\u00e1sticas y escult\u00f3ricas que han logrado acumular.<\/span><\/p>\n<p><span class=\"text1noticias\"> <\/span><\/p>\n<p><span class=\"text1noticias\">El evento es montado por la Fundaci\u00f3n Patrimonio Cultural de la Direcci\u00f3n de Aduanas, que dirige el destacado escritor Pedro Verg\u00e9s, quien es su presidente; la maestra Eridania Mir, vicepresidenta; el arquitecto V\u00edctor Bison\u00f3, tesorero; y los vocales Freddy Ginebra y Gina Franco.<\/span><\/p>\n<p><span class=\"text1noticias\"> <\/span><\/p>\n<p><span class=\"text1noticias\">Camilo destac\u00f3 que la rica colecci\u00f3n de obras de Aduanas constituye el mejor ejemplo de lo que era capaz de hacer el extinto director de la DGA, Miguel Cocco Guerrero, a quien defini\u00f3 como su \u00abamigo y hermano ido a destiempo\u00bb.<\/span><\/p>\n<p><span class=\"text1noticias\"> <\/span><\/p>\n<p><span class=\"text1noticias\">\u00abJusto es reconocer, ante que todo, que fue su idea, y que la pudo materializar en una entidad p\u00fablica tan particular como la Aduana, lo que constituye una  prueba fehaciente de una visi\u00f3n  positiva y proactiva de ejercer la actividad p\u00fablica en beneficio del pueblo\u00bb, enfatiz\u00f3 Camilo.<\/span><\/p>\n<p><span class=\"text1noticias\"> <\/span><\/p>\n<p><span class=\"text1noticias\">Dijo que el extraordinario muestrario de obras que se exhibe en el espacio del Gran Teatro del Cibao es solo una parte de la diversidad del Patrimonio Cultural con que cuenta la DGA. <\/span><\/p>\n<p><span class=\"text1noticias\"> <\/span><\/p>\n<p><span class=\"text1noticias\">Camilo ponder\u00f3 la labor que desempe\u00f1a la Fundaci\u00f3n de Arte de Aduanas y expres\u00f3 un  reconocimiento p\u00fablico a cada uno de sus miembros por la labor de preservaci\u00f3n de las obras y su promoci\u00f3n como patrimonio cultural e hist\u00f3rico de esa instituci\u00f3n p\u00fablica.<\/span><\/p>\n<p><span class=\"text1noticias\"> <\/span><\/p>\n<p><span class=\"text1noticias\">El funcionario manifest\u00f3 que la inversi\u00f3n que ha hecho la DGA para lograr el conjunto de las obras de arte con que cuenta est\u00e1 muy bien protegida en manos de dicha fundaci\u00f3n.<\/span><\/p>\n<p><span class=\"text1noticias\"> <\/span><\/p>\n<p><span class=\"text1noticias\">El director de Aduanas se\u00f1al\u00f3 que la entidad  se ha ido transformando positivamente,  por lo cual ha recibido el reconocimiento de las entidades privadas y oficiales de la naci\u00f3n, as\u00ed como de organismos internacionales, como el  Banco Mundial,  la Organizaci\u00f3n Mundial de Aduanas (OMA), entre otros.<\/span><\/p>\n<p><span class=\"text1noticias\"> <\/span><\/p>\n<p><span class=\"text1noticias\">En el acto inaugural de la muestra pict\u00f3rica adem\u00e1s del licenciado Camilo participaron su asistente  Victoria Efres de Z\u00e9ller y el subdirector operativo Carlos Blanco, as\u00ed como la viuda de Miguel Cocco, do\u00f1a Minerva Gonz\u00e1lez, entre otras personalidades.<\/span><\/p>\n<p><span class=\"text1noticias\"> <\/span><\/p>\n<p><span class=\"text1noticias\"><strong><em><u>CG.<\/u><\/em><\/strong><\/span><\/p>\n<\/p>\n<h6> 2012-03-23 20:21:56 <\/h6>\n<p><!--\n<link rel=\"stylesheet\" href=\"css\/bootstrap.min.css\">\n\n\n<ul class=\"pagination\">\n\t    \n\t\n\n<li >\n\t<a href='?page_no=17696'>Previous<\/a>\n\t<\/li>\n\n\n       \n    \n\n<li><a href='?page_no=1'>1<\/a><\/li>\n\n\n\n<li><a href='?page_no=2'>2<\/a><\/li>\n\n\n\n<li><a>...<\/a><\/li>\n\n\n\n<li><a href='?page_no=17695'>17695<\/a><\/li>\n\n\n\n<li><a href='?page_no=17696'>17696<\/a><\/li>\n\n\n\n<li class='active'><a>17697<\/a><\/li>\n\n\n\n<li><a href='?page_no=17698'>17698<\/a><\/li>\n\n\n\n<li><a href='?page_no=17699'>17699<\/a><\/li>\n\n\n\n<li><a>...<\/a><\/li>\n\n\n\n<li><a href='?page_no=22911'>22911<\/a><\/li>\n\n\n\n<li><a href='?page_no=22912'>22912<\/a><\/li>\n\n    \n\t\n\n<li >\n\t<a href='?page_no=17698'>Next<\/a>\n\t<\/li>\n\n\n    \n\n<li><a href='?page_no=22912'>Last &rsaquo;&rsaquo;<\/a><\/li>\n\n<\/ul>\n\n\n--><br \/>\n<\/body><\/p>\n","protected":false},"excerpt":{"rendered":"<p>04:23 PM SANTIAGO, 23 Mar 2012.- La Direcci\u00f3n General de Aduanas (DGA) dej\u00f3 abierta este jueves la exposici\u00f3n art\u00edstica \u00abLas Aduanas en el Tiempo: Pasado y Presente\u00bb, en una ceremonia realizada en el Gran Teatro del Cibao, con la participaci\u00f3n de autoridades locales, pintores y empresarios. El licenciado Rafael Camilo, titular de la DGA, al [&hellip;]<\/p>\n","protected":false},"author":3,"featured_media":0,"comment_status":"open","ping_status":"open","sticky":false,"template":"","format":"standard","meta":{"footnotes":""},"categories":[21],"tags":[],"class_list":["post-66019","post","type-post","status-publish","format-standard","hentry","category-cultura"],"_links":{"self":[{"href":"https:\/\/diariodominicano.com\/index.php?rest_route=\/wp\/v2\/posts\/66019","targetHints":{"allow":["GET"]}}],"collection":[{"href":"https:\/\/diariodominicano.com\/index.php?rest_route=\/wp\/v2\/posts"}],"about":[{"href":"https:\/\/diariodominicano.com\/index.php?rest_route=\/wp\/v2\/types\/post"}],"author":[{"embeddable":true,"href":"https:\/\/diariodominicano.com\/index.php?rest_route=\/wp\/v2\/users\/3"}],"replies":[{"embeddable":true,"href":"https:\/\/diariodominicano.com\/index.php?rest_route=%2Fwp%2Fv2%2Fcomments&post=66019"}],"version-history":[{"count":0,"href":"https:\/\/diariodominicano.com\/index.php?rest_route=\/wp\/v2\/posts\/66019\/revisions"}],"wp:attachment":[{"href":"https:\/\/diariodominicano.com\/index.php?rest_route=%2Fwp%2Fv2%2Fmedia&parent=66019"}],"wp:term":[{"taxonomy":"category","embeddable":true,"href":"https:\/\/diariodominicano.com\/index.php?rest_route=%2Fwp%2Fv2%2Fcategories&post=66019"},{"taxonomy":"post_tag","embeddable":true,"href":"https:\/\/diariodominicano.com\/index.php?rest_route=%2Fwp%2Fv2%2Ftags&post=66019"}],"curies":[{"name":"wp","href":"https:\/\/api.w.org\/{rel}","templated":true}]}}