{"id":66018,"date":"2012-03-23T23:01:36","date_gmt":"2012-03-23T23:01:36","guid":{"rendered":"http:\/\/diariodominicano.ddns.net\/?p=66018"},"modified":"2012-03-23T23:01:36","modified_gmt":"2012-03-23T23:01:36","slug":"maraton-juvenil-de-lectura-llega-a-758-horas-de-realizacion","status":"publish","type":"post","link":"https:\/\/diariodominicano.com\/?p=66018","title":{"rendered":"Marat\u00f3n Juvenil de Lectura llega a 758 horas de realizaci\u00f3n"},"content":{"rendered":"<p><body><\/p>\n<p><span class=\"text1noticias\">Santo Domingo RD 23 marzo(7:00 pm).- El Marat\u00f3n Juvenil de Lectura \u00abPor amor a Dios y a la Patria\u00bb, alcanz\u00f3 hoy sus 758 horas de realizaci\u00f3n y esta madrugada iniciaron a leer los representantes de la provincia Santiago Rodr\u00edguez en la regi\u00f3n cibao, seg\u00fan inform\u00f3 Franklin Rodr\u00edguez, ministro de la Juventud.<\/span><\/p>\n<\/p>\n<p><span class=\"text1noticias\">\u00abHasta el momento han participado los lectores de los 155 municipios que componen el territorio nacional. Hay que reconocer la entrega y disposici\u00f3n que han mostrado los lectores al integrarse a esta iniciativa, en el que se leer\u00e1n mil horas continua en voz alta\u00bb, dijo Rodr\u00edguez.<\/span><\/p>\n<\/p>\n<p><span class=\"text1noticias\">El funcionario agradeci\u00f3 los residentes en las distintas provincias del pa\u00eds, as\u00ed como a las autoridades municipales y congresionales por el apoyo a esta iniciativa donde se leer\u00e1n la Biblia y la Constituci\u00f3n de la Republica.<\/span><\/p>\n<\/p>\n<p><span class=\"text1noticias\">Rodr\u00edguez resalt\u00f3 las caracter\u00edsticas del proyecto e indic\u00f3 que nunca en la historia se hab\u00eda procurado alcanzar un record establecido por 930 integrantes, cubriendo todo un pa\u00eds.<\/span><\/p>\n<\/p>\n<p><span class=\"text1noticias\">Hasta ahora los municipios pertenecientes a las provincias Puerto Plata, Espaillat, Hermanas Mirabal, Duarte, Mar\u00eda Trinidad S\u00e1nchez, Santiago, Saman\u00e1, Hato Mayor, El Seibo, La Altagracia, La Romana, San Pedro, San Crist\u00f3bal, Peravia, San Jos\u00e9 de Ocoa, Azua, San Juan, El\u00edas Pi\u00f1a, Bahoruco, Independencia, Barahona y Pedernales, Montecristi y Dajab\u00f3n han aportado sus voces a esta haza\u00f1a.<\/span><\/p>\n<\/p>\n<p><span class=\"text1noticias\">Al ofrecer sus declaraciones en el programa Hoy Mismo, transmitido por Color Visi\u00f3n, el titular de la cartera juvenil tambi\u00e9n destac\u00f3 en sus declaraciones, que 70 j\u00f3venes viajaran cada a\u00f1o, durante un mes a Taiw\u00e1n al curso de Desarrollo Nacional.(AD)<\/span>.- <\/p>\n<\/p>\n<\/p>\n<h6> 2012-03-23 23:01:36 <\/h6>\n<p><!--\n<link rel=\"stylesheet\" href=\"css\/bootstrap.min.css\">\n\n\n<ul class=\"pagination\">\n\t    \n\t\n\n<li >\n\t<a href='?page_no=17695'>Previous<\/a>\n\t<\/li>\n\n\n       \n    \n\n<li><a href='?page_no=1'>1<\/a><\/li>\n\n\n\n<li><a href='?page_no=2'>2<\/a><\/li>\n\n\n\n<li><a>...<\/a><\/li>\n\n\n\n<li><a href='?page_no=17694'>17694<\/a><\/li>\n\n\n\n<li><a href='?page_no=17695'>17695<\/a><\/li>\n\n\n\n<li class='active'><a>17696<\/a><\/li>\n\n\n\n<li><a href='?page_no=17697'>17697<\/a><\/li>\n\n\n\n<li><a href='?page_no=17698'>17698<\/a><\/li>\n\n\n\n<li><a>...<\/a><\/li>\n\n\n\n<li><a href='?page_no=22911'>22911<\/a><\/li>\n\n\n\n<li><a href='?page_no=22912'>22912<\/a><\/li>\n\n    \n\t\n\n<li >\n\t<a href='?page_no=17697'>Next<\/a>\n\t<\/li>\n\n\n    \n\n<li><a href='?page_no=22912'>Last &rsaquo;&rsaquo;<\/a><\/li>\n\n<\/ul>\n\n\n--><br \/>\n<\/body><\/p>\n","protected":false},"excerpt":{"rendered":"<p>Santo Domingo RD 23 marzo(7:00 pm).- El Marat\u00f3n Juvenil de Lectura \u00abPor amor a Dios y a la Patria\u00bb, alcanz\u00f3 hoy sus 758 horas de realizaci\u00f3n y esta madrugada iniciaron a leer los representantes de la provincia Santiago Rodr\u00edguez en la regi\u00f3n cibao, seg\u00fan inform\u00f3 Franklin Rodr\u00edguez, ministro de la Juventud. \u00abHasta el momento han [&hellip;]<\/p>\n","protected":false},"author":3,"featured_media":0,"comment_status":"open","ping_status":"open","sticky":false,"template":"","format":"standard","meta":{"footnotes":""},"categories":[21],"tags":[],"class_list":["post-66018","post","type-post","status-publish","format-standard","hentry","category-cultura"],"_links":{"self":[{"href":"https:\/\/diariodominicano.com\/index.php?rest_route=\/wp\/v2\/posts\/66018","targetHints":{"allow":["GET"]}}],"collection":[{"href":"https:\/\/diariodominicano.com\/index.php?rest_route=\/wp\/v2\/posts"}],"about":[{"href":"https:\/\/diariodominicano.com\/index.php?rest_route=\/wp\/v2\/types\/post"}],"author":[{"embeddable":true,"href":"https:\/\/diariodominicano.com\/index.php?rest_route=\/wp\/v2\/users\/3"}],"replies":[{"embeddable":true,"href":"https:\/\/diariodominicano.com\/index.php?rest_route=%2Fwp%2Fv2%2Fcomments&post=66018"}],"version-history":[{"count":0,"href":"https:\/\/diariodominicano.com\/index.php?rest_route=\/wp\/v2\/posts\/66018\/revisions"}],"wp:attachment":[{"href":"https:\/\/diariodominicano.com\/index.php?rest_route=%2Fwp%2Fv2%2Fmedia&parent=66018"}],"wp:term":[{"taxonomy":"category","embeddable":true,"href":"https:\/\/diariodominicano.com\/index.php?rest_route=%2Fwp%2Fv2%2Fcategories&post=66018"},{"taxonomy":"post_tag","embeddable":true,"href":"https:\/\/diariodominicano.com\/index.php?rest_route=%2Fwp%2Fv2%2Ftags&post=66018"}],"curies":[{"name":"wp","href":"https:\/\/api.w.org\/{rel}","templated":true}]}}