{"id":660166,"date":"2026-01-14T15:48:15","date_gmt":"2026-01-14T19:48:15","guid":{"rendered":"https:\/\/diariodominicano.com\/?p=660166"},"modified":"2026-01-14T15:48:24","modified_gmt":"2026-01-14T19:48:24","slug":"pld-informa-avanza-en-validacion-de-membresia-y-posicionamiento-en-organismos","status":"publish","type":"post","link":"https:\/\/diariodominicano.com\/?p=660166","title":{"rendered":"PLD informa avanza en validaci\u00f3n de membres\u00eda y posicionamiento en organismos"},"content":{"rendered":"\n<p><strong><em>Comisi\u00f3n del PLD<\/em><\/strong><em>&nbsp;pasa balance a la implementaci\u00f3n de L\u00ednea Organizativa y Electoral, en la cual se avanza progresivamente<\/em><em><\/em><\/p>\n\n\n\n<p><strong>La Comisi\u00f3n de Implementaci\u00f3n de la L\u00ednea Organizativa y Electoral (LOE) del Partido de la Liberaci\u00f3n Dominicana (PLD)<\/strong>&nbsp;en la primera reuni\u00f3n ordinaria del a\u00f1o en curso pas\u00f3 balance a los logros alcanzados en las metas y objetivos trazados en ese mandato del X Congreso Ordinario Reinaldo Pared P\u00e9rez.<\/p>\n\n\n\n<p>En el encuentro se inform\u00f3 de los avances en la fase de validaci\u00f3n de membres\u00eda en el Partido, acordando acelerar las acciones para el posicionamiento de los miembros y militantes validados en los recintos electorales.<\/p>\n\n\n\n<p>Con ese prop\u00f3sito Rub\u00e9n Bichara, coordinador de dicha comisi\u00f3n, confirm\u00f3 que el pr\u00f3ximo viernes (16 enero) se realizar\u00e1 el primer encuentro del a\u00f1o con los Miembros del Comit\u00e9 Pol\u00edtico y los Enlaces que son titulares de provincias, adem\u00e1s de las circunscripciones, municipios y DM del Distrito Nacional y la Provincia Santo Domingo para conocer de las acciones adoptadas para implementar la LOE.<\/p>\n\n\n\n<p><strong>Danilo D\u00edaz, titular de la secretar\u00eda de Asuntos Electorales<\/strong>, inform\u00f3 del considerable aumento de los miembros validados y registrados en la Plataforma Digital de control de militancia y membres\u00eda.<\/p>\n\n\n\n<p><strong>Mayobanex Escoto, secretario de Organizaci\u00f3n<\/strong>, acord\u00f3 presentar los requerimientos necesarios de ese \u00f3rgano para que, en la Plataforma Digital, se desarrolle el m\u00f3dulo que administrara dicha estructura.<\/p>\n\n\n\n<p><strong>Alexis Lantigua, secretario de dominicanos y dominicanas en el exterior<\/strong>&nbsp;confirm\u00f3 que se cumpli\u00f3 con el mandato de realizar una conferencia para establecer y aprobar la L\u00ednea Organizativa y Electoral del Exterior<\/p>\n\n\n\n<p>Inform\u00f3 que ese encuentro se desarroll\u00f3 de forma virtual con participaci\u00f3n de los dirigentes de las tres (3) circunscripciones del exterior, los miembros de la LOE, el secretario general Johnny Pujols y el presidente del Partido compa\u00f1ero Danilo Medina, arribando a importantes conclusiones y recomendaciones que se dar\u00e1n a conocer m\u00e1s adelante.<\/p>\n\n\n\n<p>Adem\u00e1s de los exponentes en la reuni\u00f3n particip\u00f3&nbsp;<strong>Miriam Cabral y Domingo Jim\u00e9nez, ambos miembros del Comit\u00e9 Pol\u00edtico y de la Comisi\u00f3n de la LOE<\/strong>&nbsp;con una representaci\u00f3n de la secretar\u00eda de Enlaces, Comunicaciones y Asuntos Electorales.<\/p>\n\n\n\n<p><strong>SECRETARIA DE COMUNICACIONES<\/strong><\/p>\n\n\n\n<p><strong>14 DE ENERO, 2026.-<\/strong><strong><\/strong><\/p>\n","protected":false},"excerpt":{"rendered":"<p>Comisi\u00f3n del PLD&nbsp;pasa balance a la implementaci\u00f3n de L\u00ednea Organizativa y Electoral, en la cual se avanza progresivamente La Comisi\u00f3n de Implementaci\u00f3n de la L\u00ednea Organizativa y Electoral (LOE) del Partido de la Liberaci\u00f3n Dominicana (PLD)&nbsp;en la primera reuni\u00f3n ordinaria del a\u00f1o en curso pas\u00f3 balance a los logros alcanzados en las metas y objetivos [&hellip;]<\/p>\n","protected":false},"author":2,"featured_media":660167,"comment_status":"closed","ping_status":"closed","sticky":false,"template":"","format":"standard","meta":{"footnotes":""},"categories":[22,27],"tags":[],"class_list":["post-660166","post","type-post","status-publish","format-standard","has-post-thumbnail","hentry","category-politica","category-portada"],"_links":{"self":[{"href":"https:\/\/diariodominicano.com\/index.php?rest_route=\/wp\/v2\/posts\/660166","targetHints":{"allow":["GET"]}}],"collection":[{"href":"https:\/\/diariodominicano.com\/index.php?rest_route=\/wp\/v2\/posts"}],"about":[{"href":"https:\/\/diariodominicano.com\/index.php?rest_route=\/wp\/v2\/types\/post"}],"author":[{"embeddable":true,"href":"https:\/\/diariodominicano.com\/index.php?rest_route=\/wp\/v2\/users\/2"}],"replies":[{"embeddable":true,"href":"https:\/\/diariodominicano.com\/index.php?rest_route=%2Fwp%2Fv2%2Fcomments&post=660166"}],"version-history":[{"count":1,"href":"https:\/\/diariodominicano.com\/index.php?rest_route=\/wp\/v2\/posts\/660166\/revisions"}],"predecessor-version":[{"id":660168,"href":"https:\/\/diariodominicano.com\/index.php?rest_route=\/wp\/v2\/posts\/660166\/revisions\/660168"}],"wp:featuredmedia":[{"embeddable":true,"href":"https:\/\/diariodominicano.com\/index.php?rest_route=\/wp\/v2\/media\/660167"}],"wp:attachment":[{"href":"https:\/\/diariodominicano.com\/index.php?rest_route=%2Fwp%2Fv2%2Fmedia&parent=660166"}],"wp:term":[{"taxonomy":"category","embeddable":true,"href":"https:\/\/diariodominicano.com\/index.php?rest_route=%2Fwp%2Fv2%2Fcategories&post=660166"},{"taxonomy":"post_tag","embeddable":true,"href":"https:\/\/diariodominicano.com\/index.php?rest_route=%2Fwp%2Fv2%2Ftags&post=660166"}],"curies":[{"name":"wp","href":"https:\/\/api.w.org\/{rel}","templated":true}]}}