{"id":66016,"date":"2012-03-24T16:34:52","date_gmt":"2012-03-24T16:34:52","guid":{"rendered":"http:\/\/diariodominicano.ddns.net\/?p=66016"},"modified":"2012-03-24T16:34:52","modified_gmt":"2012-03-24T16:34:52","slug":"ponen-a-circular-en-la-uasd-la-obra-la-esperanza-desgarrada","status":"publish","type":"post","link":"https:\/\/diariodominicano.com\/?p=66016","title":{"rendered":"Ponen a circular en la UASD la obra La Esperanza Desgarrada&#13;"},"content":{"rendered":"<p><body><\/p>\n<p><img decoding=\"async\" src=\"img3\/libro.JPG\" \/>  <\/p>\n<p><span class=\"text1noticias\">Rep.Dom, 24 de Marzo 12:30 P.M.-La Universidad Aut\u00f3noma de Santo Domingo puso en circulaci\u00f3n la obra \u00abLa Esperanza Desgarrada\u00bb, del historiador Piero Gleijeses, catedr\u00e1tico e investigador de la Escuela de Estudios Internacionales Avanzados de la Universidad Johns Hopkins de Washington, Estados Unidos.<\/span><\/p>\n<\/p>\n<p><span class=\"text1noticias\">Las palabras de bienvenida estuvieron a cargo del rector, maestro Mateo Aquino Febrillet, quien agradeci\u00f3 al autor que haya escogido a la Primada de Am\u00e9rica para poner a circular su libro el cual representa un segmento importante de la historia dominicana que necesita ser estudiada y conocida a profundidad por las nuevas generaciones, especialmente por aquellas que no vivieron ese per\u00edodo.<\/span><\/p>\n<\/p>\n<p><span class=\"text1noticias\">\u00abSobre todo por el hecho de que hay muchos actores todav\u00eda vivos  y cuando esto ocurre normalmente se tiene alg\u00fan temor a revelar la verdad de los sucesos, y el hecho que don Piero haya investigado a profundidad este per\u00edodo importante de la historia, para nosotros es de gran relevancia para la formaci\u00f3n de las futuras generaciones\u00bb, a\u00f1adi\u00f3.<\/span><\/p>\n<\/p>\n<p><span class=\"text1noticias\">Adem\u00e1s, Febrillet consider\u00f3 que la obra servir\u00e1 para poder consolidar \u00abnuestra fe de ciudadanos libres de un proceso que ensombreci\u00f3 la historia dominicana durante este per\u00edodo largo de tiran\u00eda y posteriormente de invasi\u00f3n al suelo patrio\u00bb.<\/span><\/p>\n<\/p>\n<p><span class=\"text1noticias\">Mientras, Hamlet Herman, autor del pr\u00f3logo y editor de  \u00abLa Esperanza Desgarrada\u00bb, resalt\u00f3 que siendo tan solo un joven de poco m\u00e1s de 20 a\u00f1os, el autor se dej\u00f3 cautivar por la crisis dominicana de 1965 o Guerra de Abril.<\/span><\/p>\n<\/p>\n<p><span class=\"text1noticias\">Explic\u00f3 que Piero Gleijeses decidi\u00f3 utilizar ese episodio como tema de tesis de grado en el Instituto Universitario de Altos Estudios Internacionales de Ginebra, Suiza.<\/span><\/p>\n<\/p>\n<p><span class=\"text1noticias\">M\u00e1s tarde en 1978, indic\u00f3, la investigaci\u00f3n acad\u00e9mica se public\u00f3 como libro en ingl\u00e9s, bajo el t\u00edtulo de \u00abLa Crisis Dominicana: Revuelta Constitucionalista de 1965 y la Intervenci\u00f3n Norteamericana.<\/span><\/p>\n<\/p>\n<p><span class=\"text1noticias\">\u00abEste libro es importante para Rep\u00fablica Dominicana, para mi es lo mejor que se ha escrito, y es lo mejor porque tiene rigor cient\u00edfico, y porque cada opini\u00f3n y criterio que da Piero est\u00e1 respaldado por un documento o entrevista que \u00e9l hiciera\u00bb, se\u00f1al\u00f3.<\/span><\/p>\n<\/p>\n<p><span class=\"text1noticias\">De su lado, el historiador Piero Gleijeses agradeci\u00f3 a las autoridades universitarias el permitirle poner a circular su obra en la Universidad m\u00e1s vieja del Nuevo Mundo.<\/span><\/p>\n<\/p>\n<p><span class=\"text1noticias\">En la misma, se enfoc\u00f3 la pol\u00edtica norteamericana y el Movimiento Constitucionalista que inici\u00f3 el 24 de abril del 65, pero que les tom\u00f3 \u00aba los gringos\u00bb 30 horas darse cuenta que la finalidad de los insurrectos era regresar al presidente Juan Bosch al poder.<\/span><\/p>\n<\/p>\n<p><span class=\"text1noticias\">Dijo que para la \u00e9poca, los norteamericanos consideraban que los militares dominicanos eran ladrones y oportunistas, \u00aby por ende era dif\u00edcil imaginarse que esos militares ladrones y oportunistas dar\u00edan un golpe de Estado para reponer a Bosch\u00bb.<\/span><\/p>\n<\/p>\n<p><span class=\"text1noticias\">La actividad cont\u00f3 con la participaci\u00f3n adem\u00e1s, de combatientes revolucionarios, funcionario y ex funcionarios del gobierno, Jorge Risquet Vald\u00e9s, el comunicador Juan Bol\u00edvar D\u00edaz, miembros del Consejo Universitario, profesores, empleados e invitados especiales.(HG).<\/span><\/p>\n<\/p>\n<h6> 2012-03-24 16:34:52 <\/h6>\n<p><!--\n<link rel=\"stylesheet\" href=\"css\/bootstrap.min.css\">\n\n\n<ul class=\"pagination\">\n\t    \n\t\n\n<li >\n\t<a href='?page_no=17693'>Previous<\/a>\n\t<\/li>\n\n\n       \n    \n\n<li><a href='?page_no=1'>1<\/a><\/li>\n\n\n\n<li><a href='?page_no=2'>2<\/a><\/li>\n\n\n\n<li><a>...<\/a><\/li>\n\n\n\n<li><a href='?page_no=17692'>17692<\/a><\/li>\n\n\n\n<li><a href='?page_no=17693'>17693<\/a><\/li>\n\n\n\n<li class='active'><a>17694<\/a><\/li>\n\n\n\n<li><a href='?page_no=17695'>17695<\/a><\/li>\n\n\n\n<li><a href='?page_no=17696'>17696<\/a><\/li>\n\n\n\n<li><a>...<\/a><\/li>\n\n\n\n<li><a href='?page_no=22911'>22911<\/a><\/li>\n\n\n\n<li><a href='?page_no=22912'>22912<\/a><\/li>\n\n    \n\t\n\n<li >\n\t<a href='?page_no=17695'>Next<\/a>\n\t<\/li>\n\n\n    \n\n<li><a href='?page_no=22912'>Last &rsaquo;&rsaquo;<\/a><\/li>\n\n<\/ul>\n\n\n--><br \/>\n<\/body><\/p>\n","protected":false},"excerpt":{"rendered":"<p>Rep.Dom, 24 de Marzo 12:30 P.M.-La Universidad Aut\u00f3noma de Santo Domingo puso en circulaci\u00f3n la obra \u00abLa Esperanza Desgarrada\u00bb, del historiador Piero Gleijeses, catedr\u00e1tico e investigador de la Escuela de Estudios Internacionales Avanzados de la Universidad Johns Hopkins de Washington, Estados Unidos. Las palabras de bienvenida estuvieron a cargo del rector, maestro Mateo Aquino Febrillet, [&hellip;]<\/p>\n","protected":false},"author":3,"featured_media":0,"comment_status":"open","ping_status":"open","sticky":false,"template":"","format":"standard","meta":{"footnotes":""},"categories":[21],"tags":[],"class_list":["post-66016","post","type-post","status-publish","format-standard","hentry","category-cultura"],"_links":{"self":[{"href":"https:\/\/diariodominicano.com\/index.php?rest_route=\/wp\/v2\/posts\/66016","targetHints":{"allow":["GET"]}}],"collection":[{"href":"https:\/\/diariodominicano.com\/index.php?rest_route=\/wp\/v2\/posts"}],"about":[{"href":"https:\/\/diariodominicano.com\/index.php?rest_route=\/wp\/v2\/types\/post"}],"author":[{"embeddable":true,"href":"https:\/\/diariodominicano.com\/index.php?rest_route=\/wp\/v2\/users\/3"}],"replies":[{"embeddable":true,"href":"https:\/\/diariodominicano.com\/index.php?rest_route=%2Fwp%2Fv2%2Fcomments&post=66016"}],"version-history":[{"count":0,"href":"https:\/\/diariodominicano.com\/index.php?rest_route=\/wp\/v2\/posts\/66016\/revisions"}],"wp:attachment":[{"href":"https:\/\/diariodominicano.com\/index.php?rest_route=%2Fwp%2Fv2%2Fmedia&parent=66016"}],"wp:term":[{"taxonomy":"category","embeddable":true,"href":"https:\/\/diariodominicano.com\/index.php?rest_route=%2Fwp%2Fv2%2Fcategories&post=66016"},{"taxonomy":"post_tag","embeddable":true,"href":"https:\/\/diariodominicano.com\/index.php?rest_route=%2Fwp%2Fv2%2Ftags&post=66016"}],"curies":[{"name":"wp","href":"https:\/\/api.w.org\/{rel}","templated":true}]}}